{"id":12986,"date":"2019-04-08T19:34:42","date_gmt":"2019-04-08T17:34:42","guid":{"rendered":"https:\/\/love4tennis.com\/sk\/open-day-dominika-cibulkova\/"},"modified":"2019-04-10T19:40:47","modified_gmt":"2019-04-10T17:40:47","slug":"den-otvorenych-dveri-s-dominikou-cibulkovou","status":"publish","type":"post","link":"https:\/\/love4tennis.com\/sk\/den-otvorenych-dveri-s-dominikou-cibulkovou\/","title":{"rendered":"De\u0148 otvoren\u00fdch dver\u00ed s Dominikou Cibulkovou"},"content":{"rendered":"<div class=\"wpb-content-wrapper\"><p>[vc_row][vc_column][vc_column_text]DE\u0147 OTVOREN\u00ddCH DVER\u00cd S DOMINIKOU CIBULKOVOU<br \/>\nPoz\u00fdvame v\u0161etky deti od 3 do 10 rokov aj s rodi\u010dmi k n\u00e1m na Turb\u00ednov\u00fa 1 v Bratislave na DE\u0147 OTVOREN\u00ddCH DVER\u00cd S DOMINIKOU CIBULKOVOU. Uk\u00e1\u017eeme v\u00e1m na\u0161u super akad\u00e9miu, zatr\u00e9nujeme si spolu, odfot\u00edme sa a budeme ma\u0165 spolu ve\u013ea z\u00e1bavy. Vid\u00edme sa u\u017e tento \u0161tvrtok 11. apr\u00edla o 17.00 hod v Detskej tenisovej akad\u00e9mie Dominiky Cibulkovej. Viac info na\u00a0<a href=\"http:\/\/www.cibulkovaacademy.sk\/deti?fbclid=IwAR3oBJ_ZapnoNqeDCD_F_lNd21l7xeDHLUS8MC3bB2rYASSFXmds0kNMizQ\" target=\"_blank\" rel=\"noopener nofollow\" data-ft=\"{&quot;tn&quot;:&quot;-U&quot;}\" data-lynx-mode=\"async\" data-lynx-uri=\"https:\/\/l.facebook.com\/l.php?u=http%3A%2F%2Fwww.CibulkovaAcademy.sk%2Fdeti%3Ffbclid%3DIwAR3oBJ_ZapnoNqeDCD_F_lNd21l7xeDHLUS8MC3bB2rYASSFXmds0kNMizQ&amp;h=AT2KGxr9yZ0s9sPD_RetOH5irYlBcf0lQZ8jVt8ZJ-MREQLkeKfGo0bi2m7VRC2_GLBTQGDmYVTX6_-JbUTH5XLkp7Zsa8fR8ozfwJzdNmOaH3SyLJD3wbOGjtXGWaheo8jKajIzUof91dWZGaaBAi9mYy_88xdfDSlbsapotQjCVneRIh2RCE9O17wz8NlMIntl7s-DEPZ8heeMh4Uip7lHbNsoBmHKBjjRmsTnl1aqhFzYKpRmw9rolbaX0s6S0v3CCMlbf3kDXZwe4WfusMj6Yg2ybxxJpO9mVx8twcYJRlp3O1Mj-SZiFjLuKKOBxzYQJHObffETE0DLoVsvndCFmgUjd4t1iyMg-Wu24-Y7BANB2Zjom6Habhsw-Anhod5v-YeaDIL8jIHLD7kWRaso7Wtqn_zrL6qaH8iRFY03L2SqWD2h7m27gdC6udXmHcefwrGZiBrWbj0z7k5R6oYjJWSwshHaRkT4cb0YVFYpk32yVGltg-4x3Ii158ctjsH2yA5W8L3zm5Q6pSXxu9VNr-aYBDUmrqcHVUz7-D3ltiib686ONBmAWTty07yXtNJHeuX3yi75TaWyiSjxu9mpnXjLMq3Z8TNSHYFmYk6otdEFApzkfEysTGHPikPjDw1nIsGBB0i4Vs_uV5S47kXZrvdUuhD1fu5xJizQh1sFzI6I98lP8TR_vV9Odq6ncosmqeJtLVJjiE9ys_EvLjyd7_Paym-FamyXDkQ9QDzOt8pR_kUP6Q\">www.CibulkovaAcademy.sk\/deti<\/a><\/p>\n<div><\/div>\n<p>[\/vc_column_text][\/vc_column][\/vc_row]<\/p>\n<\/div>","protected":false},"excerpt":{"rendered":"<p>[vc_row][vc_column][vc_column_text]DE\u0147 OTVOREN\u00ddCH DVER\u00cd S DOMINIKOU CIBULKOVOU Poz\u00fdvame v\u0161etky deti od 3 do 10 rokov aj s rodi\u010dmi k n\u00e1m na Turb\u00ednov\u00fa 1 v Bratislave na DE\u0147 OTVOREN\u00ddCH DVER\u00cd S DOMINIKOU [&hellip;]<\/p>\n","protected":false},"author":1,"featured_media":12978,"comment_status":"open","ping_status":"open","sticky":false,"template":"","format":"standard","meta":{"footnotes":""},"categories":[73],"tags":[],"class_list":["post-12986","post","type-post","status-publish","format-standard","has-post-thumbnail","hentry","category-vysledky"],"featured_image_src":{"landsacpe":["https:\/\/love4tennis.com\/wp-content\/uploads\/2019\/04\/56553752_3094183857273779_4887825821122691072_n-768x445.jpg",768,445,true],"list":["https:\/\/love4tennis.com\/wp-content\/uploads\/2019\/04\/56553752_3094183857273779_4887825821122691072_n-463x348.jpg",463,348,true],"medium":["https:\/\/love4tennis.com\/wp-content\/uploads\/2019\/04\/56553752_3094183857273779_4887825821122691072_n-240x300.jpg",240,300,true],"full":["https:\/\/love4tennis.com\/wp-content\/uploads\/2019\/04\/56553752_3094183857273779_4887825821122691072_n.jpg",768,960,false]},"yoast_head":"<!-- This site is optimized with the Yoast SEO plugin v23.1 - https:\/\/yoast.com\/wordpress\/plugins\/seo\/ -->\n<title>De\u0148 otvoren\u00fdch dver\u00ed s Dominikou Cibulkovou | Love4Tennis.com<\/title>\n<meta name=\"robots\" content=\"index, follow, max-snippet:-1, max-image-preview:large, max-video-preview:-1\" \/>\n<link rel=\"canonical\" href=\"https:\/\/love4tennis.com\/sk\/den-otvorenych-dveri-s-dominikou-cibulkovou\/\" \/>\n<meta property=\"og:locale\" content=\"sk_SK\" \/>\n<meta property=\"og:type\" content=\"article\" \/>\n<meta property=\"og:title\" content=\"De\u0148 otvoren\u00fdch dver\u00ed s Dominikou Cibulkovou | Love4Tennis.com\" \/>\n<meta property=\"og:description\" content=\"[vc_row][vc_column][vc_column_text]DE\u0147 OTVOREN\u00ddCH DVER\u00cd S DOMINIKOU CIBULKOVOU Poz\u00fdvame v\u0161etky deti od 3 do 10 rokov aj s rodi\u010dmi k n\u00e1m na Turb\u00ednov\u00fa 1 v Bratislave na DE\u0147 OTVOREN\u00ddCH DVER\u00cd S DOMINIKOU [&hellip;]\" \/>\n<meta property=\"og:url\" content=\"https:\/\/love4tennis.com\/sk\/den-otvorenych-dveri-s-dominikou-cibulkovou\/\" \/>\n<meta property=\"og:site_name\" content=\"L4T\" \/>\n<meta property=\"article:publisher\" content=\"https:\/\/www.facebook.com\/TKLOVE4TENNIS\/\" \/>\n<meta property=\"article:published_time\" content=\"2019-04-08T17:34:42+00:00\" \/>\n<meta property=\"article:modified_time\" content=\"2019-04-10T17:40:47+00:00\" \/>\n<meta property=\"og:image\" content=\"https:\/\/love4tennis.com\/wp-content\/uploads\/2019\/04\/56553752_3094183857273779_4887825821122691072_n.jpg\" \/>\n\t<meta property=\"og:image:width\" content=\"768\" \/>\n\t<meta property=\"og:image:height\" content=\"960\" \/>\n\t<meta property=\"og:image:type\" content=\"image\/jpeg\" \/>\n<meta name=\"author\" content=\"Love4Tennis\" \/>\n<meta name=\"twitter:card\" content=\"summary_large_image\" \/>\n<meta name=\"twitter:label1\" content=\"Autor\" \/>\n\t<meta name=\"twitter:data1\" content=\"Love4Tennis\" \/>\n<script type=\"application\/ld+json\" class=\"yoast-schema-graph\">{\"@context\":\"https:\/\/schema.org\",\"@graph\":[{\"@type\":\"Article\",\"@id\":\"https:\/\/love4tennis.com\/sk\/den-otvorenych-dveri-s-dominikou-cibulkovou\/#article\",\"isPartOf\":{\"@id\":\"https:\/\/love4tennis.com\/sk\/den-otvorenych-dveri-s-dominikou-cibulkovou\/\"},\"author\":{\"name\":\"Love4Tennis\",\"@id\":\"https:\/\/love4tennis.com\/#\/schema\/person\/942d259a024af9811939a2d7ddd56046\"},\"headline\":\"De\u0148 otvoren\u00fdch dver\u00ed s Dominikou Cibulkovou\",\"datePublished\":\"2019-04-08T17:34:42+00:00\",\"dateModified\":\"2019-04-10T17:40:47+00:00\",\"mainEntityOfPage\":{\"@id\":\"https:\/\/love4tennis.com\/sk\/den-otvorenych-dveri-s-dominikou-cibulkovou\/\"},\"wordCount\":104,\"commentCount\":0,\"publisher\":{\"@id\":\"https:\/\/love4tennis.com\/#organization\"},\"image\":{\"@id\":\"https:\/\/love4tennis.com\/sk\/den-otvorenych-dveri-s-dominikou-cibulkovou\/#primaryimage\"},\"thumbnailUrl\":\"https:\/\/love4tennis.com\/wp-content\/uploads\/2019\/04\/56553752_3094183857273779_4887825821122691072_n.jpg\",\"articleSection\":[\"V\u00fdsledky\"],\"inLanguage\":\"sk-SK\",\"potentialAction\":[{\"@type\":\"CommentAction\",\"name\":\"Comment\",\"target\":[\"https:\/\/love4tennis.com\/sk\/den-otvorenych-dveri-s-dominikou-cibulkovou\/#respond\"]}]},{\"@type\":\"WebPage\",\"@id\":\"https:\/\/love4tennis.com\/sk\/den-otvorenych-dveri-s-dominikou-cibulkovou\/\",\"url\":\"https:\/\/love4tennis.com\/sk\/den-otvorenych-dveri-s-dominikou-cibulkovou\/\",\"name\":\"De\u0148 otvoren\u00fdch dver\u00ed s Dominikou Cibulkovou | Love4Tennis.com\",\"isPartOf\":{\"@id\":\"https:\/\/love4tennis.com\/#website\"},\"primaryImageOfPage\":{\"@id\":\"https:\/\/love4tennis.com\/sk\/den-otvorenych-dveri-s-dominikou-cibulkovou\/#primaryimage\"},\"image\":{\"@id\":\"https:\/\/love4tennis.com\/sk\/den-otvorenych-dveri-s-dominikou-cibulkovou\/#primaryimage\"},\"thumbnailUrl\":\"https:\/\/love4tennis.com\/wp-content\/uploads\/2019\/04\/56553752_3094183857273779_4887825821122691072_n.jpg\",\"datePublished\":\"2019-04-08T17:34:42+00:00\",\"dateModified\":\"2019-04-10T17:40:47+00:00\",\"breadcrumb\":{\"@id\":\"https:\/\/love4tennis.com\/sk\/den-otvorenych-dveri-s-dominikou-cibulkovou\/#breadcrumb\"},\"inLanguage\":\"sk-SK\",\"potentialAction\":[{\"@type\":\"ReadAction\",\"target\":[\"https:\/\/love4tennis.com\/sk\/den-otvorenych-dveri-s-dominikou-cibulkovou\/\"]}]},{\"@type\":\"ImageObject\",\"inLanguage\":\"sk-SK\",\"@id\":\"https:\/\/love4tennis.com\/sk\/den-otvorenych-dveri-s-dominikou-cibulkovou\/#primaryimage\",\"url\":\"https:\/\/love4tennis.com\/wp-content\/uploads\/2019\/04\/56553752_3094183857273779_4887825821122691072_n.jpg\",\"contentUrl\":\"https:\/\/love4tennis.com\/wp-content\/uploads\/2019\/04\/56553752_3094183857273779_4887825821122691072_n.jpg\",\"width\":768,\"height\":960},{\"@type\":\"BreadcrumbList\",\"@id\":\"https:\/\/love4tennis.com\/sk\/den-otvorenych-dveri-s-dominikou-cibulkovou\/#breadcrumb\",\"itemListElement\":[{\"@type\":\"ListItem\",\"position\":1,\"name\":\"Dom\u00e1ca str\u00e1nka\",\"item\":\"https:\/\/love4tennis.com\/sk\/\"},{\"@type\":\"ListItem\",\"position\":2,\"name\":\"De\u0148 otvoren\u00fdch dver\u00ed s Dominikou Cibulkovou\"}]},{\"@type\":\"WebSite\",\"@id\":\"https:\/\/love4tennis.com\/#website\",\"url\":\"https:\/\/love4tennis.com\/\",\"name\":\"L4T\",\"description\":\"\",\"publisher\":{\"@id\":\"https:\/\/love4tennis.com\/#organization\"},\"potentialAction\":[{\"@type\":\"SearchAction\",\"target\":{\"@type\":\"EntryPoint\",\"urlTemplate\":\"https:\/\/love4tennis.com\/?s={search_term_string}\"},\"query-input\":\"required name=search_term_string\"}],\"inLanguage\":\"sk-SK\"},{\"@type\":\"Organization\",\"@id\":\"https:\/\/love4tennis.com\/#organization\",\"name\":\"Love4Tennis Academy\",\"url\":\"https:\/\/love4tennis.com\/\",\"logo\":{\"@type\":\"ImageObject\",\"inLanguage\":\"sk-SK\",\"@id\":\"https:\/\/love4tennis.com\/#\/schema\/logo\/image\/\",\"url\":\"https:\/\/love4tennis.com\/wp-content\/uploads\/2018\/10\/logo_love4tennis.jpg\",\"contentUrl\":\"https:\/\/love4tennis.com\/wp-content\/uploads\/2018\/10\/logo_love4tennis.jpg\",\"width\":608,\"height\":315,\"caption\":\"Love4Tennis Academy\"},\"image\":{\"@id\":\"https:\/\/love4tennis.com\/#\/schema\/logo\/image\/\"},\"sameAs\":[\"https:\/\/www.facebook.com\/TKLOVE4TENNIS\/\"]},{\"@type\":\"Person\",\"@id\":\"https:\/\/love4tennis.com\/#\/schema\/person\/942d259a024af9811939a2d7ddd56046\",\"name\":\"Love4Tennis\",\"url\":\"https:\/\/love4tennis.com\/sk\/author\/skuska\/\"}]}<\/script>\n<!-- \/ Yoast SEO plugin. -->","yoast_head_json":{"title":"De\u0148 otvoren\u00fdch dver\u00ed s Dominikou Cibulkovou | Love4Tennis.com","robots":{"index":"index","follow":"follow","max-snippet":"max-snippet:-1","max-image-preview":"max-image-preview:large","max-video-preview":"max-video-preview:-1"},"canonical":"https:\/\/love4tennis.com\/sk\/den-otvorenych-dveri-s-dominikou-cibulkovou\/","og_locale":"sk_SK","og_type":"article","og_title":"De\u0148 otvoren\u00fdch dver\u00ed s Dominikou Cibulkovou | Love4Tennis.com","og_description":"[vc_row][vc_column][vc_column_text]DE\u0147 OTVOREN\u00ddCH DVER\u00cd S DOMINIKOU CIBULKOVOU Poz\u00fdvame v\u0161etky deti od 3 do 10 rokov aj s rodi\u010dmi k n\u00e1m na Turb\u00ednov\u00fa 1 v Bratislave na DE\u0147 OTVOREN\u00ddCH DVER\u00cd S DOMINIKOU [&hellip;]","og_url":"https:\/\/love4tennis.com\/sk\/den-otvorenych-dveri-s-dominikou-cibulkovou\/","og_site_name":"L4T","article_publisher":"https:\/\/www.facebook.com\/TKLOVE4TENNIS\/","article_published_time":"2019-04-08T17:34:42+00:00","article_modified_time":"2019-04-10T17:40:47+00:00","og_image":[{"width":768,"height":960,"url":"https:\/\/love4tennis.com\/wp-content\/uploads\/2019\/04\/56553752_3094183857273779_4887825821122691072_n.jpg","type":"image\/jpeg"}],"author":"Love4Tennis","twitter_card":"summary_large_image","twitter_misc":{"Autor":"Love4Tennis"},"schema":{"@context":"https:\/\/schema.org","@graph":[{"@type":"Article","@id":"https:\/\/love4tennis.com\/sk\/den-otvorenych-dveri-s-dominikou-cibulkovou\/#article","isPartOf":{"@id":"https:\/\/love4tennis.com\/sk\/den-otvorenych-dveri-s-dominikou-cibulkovou\/"},"author":{"name":"Love4Tennis","@id":"https:\/\/love4tennis.com\/#\/schema\/person\/942d259a024af9811939a2d7ddd56046"},"headline":"De\u0148 otvoren\u00fdch dver\u00ed s Dominikou Cibulkovou","datePublished":"2019-04-08T17:34:42+00:00","dateModified":"2019-04-10T17:40:47+00:00","mainEntityOfPage":{"@id":"https:\/\/love4tennis.com\/sk\/den-otvorenych-dveri-s-dominikou-cibulkovou\/"},"wordCount":104,"commentCount":0,"publisher":{"@id":"https:\/\/love4tennis.com\/#organization"},"image":{"@id":"https:\/\/love4tennis.com\/sk\/den-otvorenych-dveri-s-dominikou-cibulkovou\/#primaryimage"},"thumbnailUrl":"https:\/\/love4tennis.com\/wp-content\/uploads\/2019\/04\/56553752_3094183857273779_4887825821122691072_n.jpg","articleSection":["V\u00fdsledky"],"inLanguage":"sk-SK","potentialAction":[{"@type":"CommentAction","name":"Comment","target":["https:\/\/love4tennis.com\/sk\/den-otvorenych-dveri-s-dominikou-cibulkovou\/#respond"]}]},{"@type":"WebPage","@id":"https:\/\/love4tennis.com\/sk\/den-otvorenych-dveri-s-dominikou-cibulkovou\/","url":"https:\/\/love4tennis.com\/sk\/den-otvorenych-dveri-s-dominikou-cibulkovou\/","name":"De\u0148 otvoren\u00fdch dver\u00ed s Dominikou Cibulkovou | Love4Tennis.com","isPartOf":{"@id":"https:\/\/love4tennis.com\/#website"},"primaryImageOfPage":{"@id":"https:\/\/love4tennis.com\/sk\/den-otvorenych-dveri-s-dominikou-cibulkovou\/#primaryimage"},"image":{"@id":"https:\/\/love4tennis.com\/sk\/den-otvorenych-dveri-s-dominikou-cibulkovou\/#primaryimage"},"thumbnailUrl":"https:\/\/love4tennis.com\/wp-content\/uploads\/2019\/04\/56553752_3094183857273779_4887825821122691072_n.jpg","datePublished":"2019-04-08T17:34:42+00:00","dateModified":"2019-04-10T17:40:47+00:00","breadcrumb":{"@id":"https:\/\/love4tennis.com\/sk\/den-otvorenych-dveri-s-dominikou-cibulkovou\/#breadcrumb"},"inLanguage":"sk-SK","potentialAction":[{"@type":"ReadAction","target":["https:\/\/love4tennis.com\/sk\/den-otvorenych-dveri-s-dominikou-cibulkovou\/"]}]},{"@type":"ImageObject","inLanguage":"sk-SK","@id":"https:\/\/love4tennis.com\/sk\/den-otvorenych-dveri-s-dominikou-cibulkovou\/#primaryimage","url":"https:\/\/love4tennis.com\/wp-content\/uploads\/2019\/04\/56553752_3094183857273779_4887825821122691072_n.jpg","contentUrl":"https:\/\/love4tennis.com\/wp-content\/uploads\/2019\/04\/56553752_3094183857273779_4887825821122691072_n.jpg","width":768,"height":960},{"@type":"BreadcrumbList","@id":"https:\/\/love4tennis.com\/sk\/den-otvorenych-dveri-s-dominikou-cibulkovou\/#breadcrumb","itemListElement":[{"@type":"ListItem","position":1,"name":"Dom\u00e1ca str\u00e1nka","item":"https:\/\/love4tennis.com\/sk\/"},{"@type":"ListItem","position":2,"name":"De\u0148 otvoren\u00fdch dver\u00ed s Dominikou Cibulkovou"}]},{"@type":"WebSite","@id":"https:\/\/love4tennis.com\/#website","url":"https:\/\/love4tennis.com\/","name":"L4T","description":"","publisher":{"@id":"https:\/\/love4tennis.com\/#organization"},"potentialAction":[{"@type":"SearchAction","target":{"@type":"EntryPoint","urlTemplate":"https:\/\/love4tennis.com\/?s={search_term_string}"},"query-input":"required name=search_term_string"}],"inLanguage":"sk-SK"},{"@type":"Organization","@id":"https:\/\/love4tennis.com\/#organization","name":"Love4Tennis Academy","url":"https:\/\/love4tennis.com\/","logo":{"@type":"ImageObject","inLanguage":"sk-SK","@id":"https:\/\/love4tennis.com\/#\/schema\/logo\/image\/","url":"https:\/\/love4tennis.com\/wp-content\/uploads\/2018\/10\/logo_love4tennis.jpg","contentUrl":"https:\/\/love4tennis.com\/wp-content\/uploads\/2018\/10\/logo_love4tennis.jpg","width":608,"height":315,"caption":"Love4Tennis Academy"},"image":{"@id":"https:\/\/love4tennis.com\/#\/schema\/logo\/image\/"},"sameAs":["https:\/\/www.facebook.com\/TKLOVE4TENNIS\/"]},{"@type":"Person","@id":"https:\/\/love4tennis.com\/#\/schema\/person\/942d259a024af9811939a2d7ddd56046","name":"Love4Tennis","url":"https:\/\/love4tennis.com\/sk\/author\/skuska\/"}]}},"_links":{"self":[{"href":"https:\/\/love4tennis.com\/sk\/wp-json\/wp\/v2\/posts\/12986"}],"collection":[{"href":"https:\/\/love4tennis.com\/sk\/wp-json\/wp\/v2\/posts"}],"about":[{"href":"https:\/\/love4tennis.com\/sk\/wp-json\/wp\/v2\/types\/post"}],"author":[{"embeddable":true,"href":"https:\/\/love4tennis.com\/sk\/wp-json\/wp\/v2\/users\/1"}],"replies":[{"embeddable":true,"href":"https:\/\/love4tennis.com\/sk\/wp-json\/wp\/v2\/comments?post=12986"}],"version-history":[{"count":1,"href":"https:\/\/love4tennis.com\/sk\/wp-json\/wp\/v2\/posts\/12986\/revisions"}],"predecessor-version":[{"id":12990,"href":"https:\/\/love4tennis.com\/sk\/wp-json\/wp\/v2\/posts\/12986\/revisions\/12990"}],"wp:featuredmedia":[{"embeddable":true,"href":"https:\/\/love4tennis.com\/sk\/wp-json\/wp\/v2\/media\/12978"}],"wp:attachment":[{"href":"https:\/\/love4tennis.com\/sk\/wp-json\/wp\/v2\/media?parent=12986"}],"wp:term":[{"taxonomy":"category","embeddable":true,"href":"https:\/\/love4tennis.com\/sk\/wp-json\/wp\/v2\/categories?post=12986"},{"taxonomy":"post_tag","embeddable":true,"href":"https:\/\/love4tennis.com\/sk\/wp-json\/wp\/v2\/tags?post=12986"}],"curies":[{"name":"wp","href":"https:\/\/api.w.org\/{rel}","templated":true}]}}