{"id":13416,"date":"2019-06-18T18:14:51","date_gmt":"2019-06-18T16:14:51","guid":{"rendered":"https:\/\/love4tennis.com\/sk\/meet-player-matej-galik\/"},"modified":"2019-06-24T18:29:49","modified_gmt":"2019-06-24T16:29:49","slug":"nas-hrac-matej-galik","status":"publish","type":"post","link":"https:\/\/love4tennis.com\/sk\/nas-hrac-matej-galik\/","title":{"rendered":"N\u00e1\u0161 hr\u00e1\u010d Matej G\u00e1lik"},"content":{"rendered":"<div class=\"wpb-content-wrapper\"><p>[vc_row][vc_column][vc_column_text]<\/p>\n<p>Matej Galik is one of our very talented juniors. He is currently fourth in Slovak national ranking system, last year he ended up being 12th. He won ITF G4 in Hamburg in singles and recently ITF G4 in doubles in Romania. He is a Slovak Champion in doubles! His specialty is never giving up during matches!<br \/>\nWe wish him continuous success on tournaments![\/vc_column_text][\/vc_column][\/vc_row]<\/p>\n<\/div>","protected":false},"excerpt":{"rendered":"<p>[vc_row][vc_column][vc_column_text] Matej Galik is one of our very talented juniors. He is currently fourth in Slovak national ranking system, last year he ended up being 12th. He won ITF G4 [&hellip;]<\/p>\n","protected":false},"author":1,"featured_media":13412,"comment_status":"open","ping_status":"open","sticky":false,"template":"","format":"standard","meta":{"footnotes":""},"categories":[73],"tags":[],"class_list":["post-13416","post","type-post","status-publish","format-standard","has-post-thumbnail","hentry","category-vysledky"],"featured_image_src":{"landsacpe":["https:\/\/love4tennis.com\/wp-content\/uploads\/2019\/06\/galik-1-960x445.jpg",960,445,true],"list":["https:\/\/love4tennis.com\/wp-content\/uploads\/2019\/06\/galik-1-463x348.jpg",463,348,true],"medium":["https:\/\/love4tennis.com\/wp-content\/uploads\/2019\/06\/galik-1-300x300.jpg",300,300,true],"full":["https:\/\/love4tennis.com\/wp-content\/uploads\/2019\/06\/galik-1.jpg",960,960,false]},"yoast_head":"<!-- This site is optimized with the Yoast SEO plugin v23.1 - https:\/\/yoast.com\/wordpress\/plugins\/seo\/ -->\n<title>N\u00e1\u0161 hr\u00e1\u010d Matej G\u00e1lik | Love4Tennis.com<\/title>\n<meta name=\"robots\" content=\"index, follow, max-snippet:-1, max-image-preview:large, max-video-preview:-1\" \/>\n<link rel=\"canonical\" href=\"https:\/\/love4tennis.com\/sk\/nas-hrac-matej-galik\/\" \/>\n<meta property=\"og:locale\" content=\"sk_SK\" \/>\n<meta property=\"og:type\" content=\"article\" \/>\n<meta property=\"og:title\" content=\"N\u00e1\u0161 hr\u00e1\u010d Matej G\u00e1lik | Love4Tennis.com\" \/>\n<meta property=\"og:description\" content=\"[vc_row][vc_column][vc_column_text] Matej Galik is one of our very talented juniors. He is currently fourth in Slovak national ranking system, last year he ended up being 12th. He won ITF G4 [&hellip;]\" \/>\n<meta property=\"og:url\" content=\"https:\/\/love4tennis.com\/sk\/nas-hrac-matej-galik\/\" \/>\n<meta property=\"og:site_name\" content=\"L4T\" \/>\n<meta property=\"article:publisher\" content=\"https:\/\/www.facebook.com\/TKLOVE4TENNIS\/\" \/>\n<meta property=\"article:published_time\" content=\"2019-06-18T16:14:51+00:00\" \/>\n<meta property=\"article:modified_time\" content=\"2019-06-24T16:29:49+00:00\" \/>\n<meta property=\"og:image\" content=\"https:\/\/love4tennis.com\/wp-content\/uploads\/2019\/06\/galik-1.jpg\" \/>\n\t<meta property=\"og:image:width\" content=\"960\" \/>\n\t<meta property=\"og:image:height\" content=\"960\" \/>\n\t<meta property=\"og:image:type\" content=\"image\/jpeg\" \/>\n<meta name=\"author\" content=\"Love4Tennis\" \/>\n<meta name=\"twitter:card\" content=\"summary_large_image\" \/>\n<meta name=\"twitter:label1\" content=\"Autor\" \/>\n\t<meta name=\"twitter:data1\" content=\"Love4Tennis\" \/>\n<script type=\"application\/ld+json\" class=\"yoast-schema-graph\">{\"@context\":\"https:\/\/schema.org\",\"@graph\":[{\"@type\":\"Article\",\"@id\":\"https:\/\/love4tennis.com\/sk\/nas-hrac-matej-galik\/#article\",\"isPartOf\":{\"@id\":\"https:\/\/love4tennis.com\/sk\/nas-hrac-matej-galik\/\"},\"author\":{\"name\":\"Love4Tennis\",\"@id\":\"https:\/\/love4tennis.com\/#\/schema\/person\/942d259a024af9811939a2d7ddd56046\"},\"headline\":\"N\u00e1\u0161 hr\u00e1\u010d Matej G\u00e1lik\",\"datePublished\":\"2019-06-18T16:14:51+00:00\",\"dateModified\":\"2019-06-24T16:29:49+00:00\",\"mainEntityOfPage\":{\"@id\":\"https:\/\/love4tennis.com\/sk\/nas-hrac-matej-galik\/\"},\"wordCount\":82,\"commentCount\":0,\"publisher\":{\"@id\":\"https:\/\/love4tennis.com\/#organization\"},\"image\":{\"@id\":\"https:\/\/love4tennis.com\/sk\/nas-hrac-matej-galik\/#primaryimage\"},\"thumbnailUrl\":\"https:\/\/love4tennis.com\/wp-content\/uploads\/2019\/06\/galik-1.jpg\",\"articleSection\":[\"V\u00fdsledky\"],\"inLanguage\":\"sk-SK\",\"potentialAction\":[{\"@type\":\"CommentAction\",\"name\":\"Comment\",\"target\":[\"https:\/\/love4tennis.com\/sk\/nas-hrac-matej-galik\/#respond\"]}]},{\"@type\":\"WebPage\",\"@id\":\"https:\/\/love4tennis.com\/sk\/nas-hrac-matej-galik\/\",\"url\":\"https:\/\/love4tennis.com\/sk\/nas-hrac-matej-galik\/\",\"name\":\"N\u00e1\u0161 hr\u00e1\u010d Matej G\u00e1lik | Love4Tennis.com\",\"isPartOf\":{\"@id\":\"https:\/\/love4tennis.com\/#website\"},\"primaryImageOfPage\":{\"@id\":\"https:\/\/love4tennis.com\/sk\/nas-hrac-matej-galik\/#primaryimage\"},\"image\":{\"@id\":\"https:\/\/love4tennis.com\/sk\/nas-hrac-matej-galik\/#primaryimage\"},\"thumbnailUrl\":\"https:\/\/love4tennis.com\/wp-content\/uploads\/2019\/06\/galik-1.jpg\",\"datePublished\":\"2019-06-18T16:14:51+00:00\",\"dateModified\":\"2019-06-24T16:29:49+00:00\",\"breadcrumb\":{\"@id\":\"https:\/\/love4tennis.com\/sk\/nas-hrac-matej-galik\/#breadcrumb\"},\"inLanguage\":\"sk-SK\",\"potentialAction\":[{\"@type\":\"ReadAction\",\"target\":[\"https:\/\/love4tennis.com\/sk\/nas-hrac-matej-galik\/\"]}]},{\"@type\":\"ImageObject\",\"inLanguage\":\"sk-SK\",\"@id\":\"https:\/\/love4tennis.com\/sk\/nas-hrac-matej-galik\/#primaryimage\",\"url\":\"https:\/\/love4tennis.com\/wp-content\/uploads\/2019\/06\/galik-1.jpg\",\"contentUrl\":\"https:\/\/love4tennis.com\/wp-content\/uploads\/2019\/06\/galik-1.jpg\",\"width\":960,\"height\":960},{\"@type\":\"BreadcrumbList\",\"@id\":\"https:\/\/love4tennis.com\/sk\/nas-hrac-matej-galik\/#breadcrumb\",\"itemListElement\":[{\"@type\":\"ListItem\",\"position\":1,\"name\":\"Dom\u00e1ca str\u00e1nka\",\"item\":\"https:\/\/love4tennis.com\/sk\/\"},{\"@type\":\"ListItem\",\"position\":2,\"name\":\"N\u00e1\u0161 hr\u00e1\u010d Matej G\u00e1lik\"}]},{\"@type\":\"WebSite\",\"@id\":\"https:\/\/love4tennis.com\/#website\",\"url\":\"https:\/\/love4tennis.com\/\",\"name\":\"L4T\",\"description\":\"\",\"publisher\":{\"@id\":\"https:\/\/love4tennis.com\/#organization\"},\"potentialAction\":[{\"@type\":\"SearchAction\",\"target\":{\"@type\":\"EntryPoint\",\"urlTemplate\":\"https:\/\/love4tennis.com\/?s={search_term_string}\"},\"query-input\":\"required name=search_term_string\"}],\"inLanguage\":\"sk-SK\"},{\"@type\":\"Organization\",\"@id\":\"https:\/\/love4tennis.com\/#organization\",\"name\":\"Love4Tennis Academy\",\"url\":\"https:\/\/love4tennis.com\/\",\"logo\":{\"@type\":\"ImageObject\",\"inLanguage\":\"sk-SK\",\"@id\":\"https:\/\/love4tennis.com\/#\/schema\/logo\/image\/\",\"url\":\"https:\/\/love4tennis.com\/wp-content\/uploads\/2018\/10\/logo_love4tennis.jpg\",\"contentUrl\":\"https:\/\/love4tennis.com\/wp-content\/uploads\/2018\/10\/logo_love4tennis.jpg\",\"width\":608,\"height\":315,\"caption\":\"Love4Tennis Academy\"},\"image\":{\"@id\":\"https:\/\/love4tennis.com\/#\/schema\/logo\/image\/\"},\"sameAs\":[\"https:\/\/www.facebook.com\/TKLOVE4TENNIS\/\"]},{\"@type\":\"Person\",\"@id\":\"https:\/\/love4tennis.com\/#\/schema\/person\/942d259a024af9811939a2d7ddd56046\",\"name\":\"Love4Tennis\",\"url\":\"https:\/\/love4tennis.com\/sk\/author\/skuska\/\"}]}<\/script>\n<!-- \/ Yoast SEO plugin. -->","yoast_head_json":{"title":"N\u00e1\u0161 hr\u00e1\u010d Matej G\u00e1lik | Love4Tennis.com","robots":{"index":"index","follow":"follow","max-snippet":"max-snippet:-1","max-image-preview":"max-image-preview:large","max-video-preview":"max-video-preview:-1"},"canonical":"https:\/\/love4tennis.com\/sk\/nas-hrac-matej-galik\/","og_locale":"sk_SK","og_type":"article","og_title":"N\u00e1\u0161 hr\u00e1\u010d Matej G\u00e1lik | Love4Tennis.com","og_description":"[vc_row][vc_column][vc_column_text] Matej Galik is one of our very talented juniors. He is currently fourth in Slovak national ranking system, last year he ended up being 12th. He won ITF G4 [&hellip;]","og_url":"https:\/\/love4tennis.com\/sk\/nas-hrac-matej-galik\/","og_site_name":"L4T","article_publisher":"https:\/\/www.facebook.com\/TKLOVE4TENNIS\/","article_published_time":"2019-06-18T16:14:51+00:00","article_modified_time":"2019-06-24T16:29:49+00:00","og_image":[{"width":960,"height":960,"url":"https:\/\/love4tennis.com\/wp-content\/uploads\/2019\/06\/galik-1.jpg","type":"image\/jpeg"}],"author":"Love4Tennis","twitter_card":"summary_large_image","twitter_misc":{"Autor":"Love4Tennis"},"schema":{"@context":"https:\/\/schema.org","@graph":[{"@type":"Article","@id":"https:\/\/love4tennis.com\/sk\/nas-hrac-matej-galik\/#article","isPartOf":{"@id":"https:\/\/love4tennis.com\/sk\/nas-hrac-matej-galik\/"},"author":{"name":"Love4Tennis","@id":"https:\/\/love4tennis.com\/#\/schema\/person\/942d259a024af9811939a2d7ddd56046"},"headline":"N\u00e1\u0161 hr\u00e1\u010d Matej G\u00e1lik","datePublished":"2019-06-18T16:14:51+00:00","dateModified":"2019-06-24T16:29:49+00:00","mainEntityOfPage":{"@id":"https:\/\/love4tennis.com\/sk\/nas-hrac-matej-galik\/"},"wordCount":82,"commentCount":0,"publisher":{"@id":"https:\/\/love4tennis.com\/#organization"},"image":{"@id":"https:\/\/love4tennis.com\/sk\/nas-hrac-matej-galik\/#primaryimage"},"thumbnailUrl":"https:\/\/love4tennis.com\/wp-content\/uploads\/2019\/06\/galik-1.jpg","articleSection":["V\u00fdsledky"],"inLanguage":"sk-SK","potentialAction":[{"@type":"CommentAction","name":"Comment","target":["https:\/\/love4tennis.com\/sk\/nas-hrac-matej-galik\/#respond"]}]},{"@type":"WebPage","@id":"https:\/\/love4tennis.com\/sk\/nas-hrac-matej-galik\/","url":"https:\/\/love4tennis.com\/sk\/nas-hrac-matej-galik\/","name":"N\u00e1\u0161 hr\u00e1\u010d Matej G\u00e1lik | Love4Tennis.com","isPartOf":{"@id":"https:\/\/love4tennis.com\/#website"},"primaryImageOfPage":{"@id":"https:\/\/love4tennis.com\/sk\/nas-hrac-matej-galik\/#primaryimage"},"image":{"@id":"https:\/\/love4tennis.com\/sk\/nas-hrac-matej-galik\/#primaryimage"},"thumbnailUrl":"https:\/\/love4tennis.com\/wp-content\/uploads\/2019\/06\/galik-1.jpg","datePublished":"2019-06-18T16:14:51+00:00","dateModified":"2019-06-24T16:29:49+00:00","breadcrumb":{"@id":"https:\/\/love4tennis.com\/sk\/nas-hrac-matej-galik\/#breadcrumb"},"inLanguage":"sk-SK","potentialAction":[{"@type":"ReadAction","target":["https:\/\/love4tennis.com\/sk\/nas-hrac-matej-galik\/"]}]},{"@type":"ImageObject","inLanguage":"sk-SK","@id":"https:\/\/love4tennis.com\/sk\/nas-hrac-matej-galik\/#primaryimage","url":"https:\/\/love4tennis.com\/wp-content\/uploads\/2019\/06\/galik-1.jpg","contentUrl":"https:\/\/love4tennis.com\/wp-content\/uploads\/2019\/06\/galik-1.jpg","width":960,"height":960},{"@type":"BreadcrumbList","@id":"https:\/\/love4tennis.com\/sk\/nas-hrac-matej-galik\/#breadcrumb","itemListElement":[{"@type":"ListItem","position":1,"name":"Dom\u00e1ca str\u00e1nka","item":"https:\/\/love4tennis.com\/sk\/"},{"@type":"ListItem","position":2,"name":"N\u00e1\u0161 hr\u00e1\u010d Matej G\u00e1lik"}]},{"@type":"WebSite","@id":"https:\/\/love4tennis.com\/#website","url":"https:\/\/love4tennis.com\/","name":"L4T","description":"","publisher":{"@id":"https:\/\/love4tennis.com\/#organization"},"potentialAction":[{"@type":"SearchAction","target":{"@type":"EntryPoint","urlTemplate":"https:\/\/love4tennis.com\/?s={search_term_string}"},"query-input":"required name=search_term_string"}],"inLanguage":"sk-SK"},{"@type":"Organization","@id":"https:\/\/love4tennis.com\/#organization","name":"Love4Tennis Academy","url":"https:\/\/love4tennis.com\/","logo":{"@type":"ImageObject","inLanguage":"sk-SK","@id":"https:\/\/love4tennis.com\/#\/schema\/logo\/image\/","url":"https:\/\/love4tennis.com\/wp-content\/uploads\/2018\/10\/logo_love4tennis.jpg","contentUrl":"https:\/\/love4tennis.com\/wp-content\/uploads\/2018\/10\/logo_love4tennis.jpg","width":608,"height":315,"caption":"Love4Tennis Academy"},"image":{"@id":"https:\/\/love4tennis.com\/#\/schema\/logo\/image\/"},"sameAs":["https:\/\/www.facebook.com\/TKLOVE4TENNIS\/"]},{"@type":"Person","@id":"https:\/\/love4tennis.com\/#\/schema\/person\/942d259a024af9811939a2d7ddd56046","name":"Love4Tennis","url":"https:\/\/love4tennis.com\/sk\/author\/skuska\/"}]}},"_links":{"self":[{"href":"https:\/\/love4tennis.com\/sk\/wp-json\/wp\/v2\/posts\/13416"}],"collection":[{"href":"https:\/\/love4tennis.com\/sk\/wp-json\/wp\/v2\/posts"}],"about":[{"href":"https:\/\/love4tennis.com\/sk\/wp-json\/wp\/v2\/types\/post"}],"author":[{"embeddable":true,"href":"https:\/\/love4tennis.com\/sk\/wp-json\/wp\/v2\/users\/1"}],"replies":[{"embeddable":true,"href":"https:\/\/love4tennis.com\/sk\/wp-json\/wp\/v2\/comments?post=13416"}],"version-history":[{"count":2,"href":"https:\/\/love4tennis.com\/sk\/wp-json\/wp\/v2\/posts\/13416\/revisions"}],"predecessor-version":[{"id":13419,"href":"https:\/\/love4tennis.com\/sk\/wp-json\/wp\/v2\/posts\/13416\/revisions\/13419"}],"wp:featuredmedia":[{"embeddable":true,"href":"https:\/\/love4tennis.com\/sk\/wp-json\/wp\/v2\/media\/13412"}],"wp:attachment":[{"href":"https:\/\/love4tennis.com\/sk\/wp-json\/wp\/v2\/media?parent=13416"}],"wp:term":[{"taxonomy":"category","embeddable":true,"href":"https:\/\/love4tennis.com\/sk\/wp-json\/wp\/v2\/categories?post=13416"},{"taxonomy":"post_tag","embeddable":true,"href":"https:\/\/love4tennis.com\/sk\/wp-json\/wp\/v2\/tags?post=13416"}],"curies":[{"name":"wp","href":"https:\/\/api.w.org\/{rel}","templated":true}]}}