{"id":13773,"date":"2019-08-22T15:13:52","date_gmt":"2019-08-22T13:13:52","guid":{"rendered":"https:\/\/love4tennis.com\/sk\/open-day-dominika-cibulkova\/"},"modified":"2019-08-26T15:26:26","modified_gmt":"2019-08-26T13:26:26","slug":"den-otvorenych-dveri-s-dominikou-cibulkovou-3","status":"publish","type":"post","link":"https:\/\/love4tennis.com\/sk\/den-otvorenych-dveri-s-dominikou-cibulkovou-3\/","title":{"rendered":"De\u0148 otvoren\u00fdch dver\u00ed s Dominikou Cibulkovou"},"content":{"rendered":"<div class=\"wpb-content-wrapper\"><p>[vc_row][vc_column][vc_column_text]DE\u0147 OTVOREN\u00ddCH DVER\u00cd S DOMINIKOU CIBULKOVOU!<\/p>\n<p>Akad\u00e9mia Love4Tennis Dominika Cibulkov\u00e1 organizuje u\u017e druh\u00fd rok De\u0148 otvoren\u00fdch dver\u00ed pre V\u00e1s, aby V\u00e1m pribl\u00ed\u017eila \u017eivot a tr\u00e9ningy v najlep\u0161ej tenisovej akad\u00e9mi\u00ed na Slovensku.<\/p>\n<p>Nev\u00e1hajte a pr\u00eddte n\u00e1s nav\u0161t\u00edvi\u0165 14.9. v Bratislave (Turb\u00ednova 1) a 15.9. v Stupave (Nov\u00e1 64) o 10 hodine obidva dni.<\/p>\n<div class=\"text_exposed_show\">\n<p>Zorganizujeme pre V\u00e1s uk\u00e1\u017eku tenisov\u00e9ho tr\u00e9ningu pre deti, m\u00f4\u017eete sa pofoti\u0165 a porozpr\u00e1va\u0165 s Dominikou a takisto bude aj autogrami\u00e1da!<\/p>\n<p>Viac inform\u00e1ci\u00ed na stancik@cibulkovaacademy.sk a\u00a0<a href=\"https:\/\/l.facebook.com\/l.php?u=http%3A%2F%2Fwww.CibulkovaAcademy.sk%2Fdod%3Ffbclid%3DIwAR2MfQgszuGkPserroWfsC2-VThQLl6rpuNOEHfepRmGfCMPIG9UFZ7Id7Q&amp;h=AT12noE0-2hMyStDC7bbcRRqDDZ_ztZoGkZn9wpBwBa4RWJk3CTPNcc1pzqZz7319PaN5SQr5Qf0XNs5F8ymWwbKynKTOoU2TooLAoIcL5kppowJ3VVFCeQ5irs3ljQ9HJ9xUFRVnfqOvSRJb0udcBKybGliR6R53gljDmnUtbimsgnL4TxX08S9lw1XqBsx35MhWGIYz8R0qDOhBU_0cqXpdfJaiuivYvRzlXsAsrmKnp544T2WfhxqnNXUJlo4XKU4s7qxeeV9BgVO2ZOYq5NgsRt1BMn_fQhJpZuVGqMyf33q7h8XK83t5BJucW7UZXUo2oJbG0uZ0XFctaMpPMCnPPscH1sq7mCWuB5tr_qOEk_ocshMARyktnnejNzF4q38LTXh8sirIiKTdjKdk23zdSfKoF8xti4GBh6WaYqX0-G7uM0OM4tZHFbUmM_9XUUdmbd7fYJKGj7Ko7AMErAd98bePHNrZVyEGP53oBJjtuUxcriypXtRwkbjTUwJB3hlbuPvrIPggoBOQlF43oRQGWq5I6QR1eHByOYogQbwr_EA1GLOa15POoYg9QORvfCxNbArR9QqnhabxjVH-bSQ-Dx2BX0_Q8zgV2FpTxHkWIghOyNmbjE8cb-ELDHE2g\" target=\"_blank\" rel=\"noopener nofollow\" data-ft=\"{&quot;tn&quot;:&quot;-U&quot;}\" data-lynx-mode=\"async\">http:\/\/www.CibulkovaAcademy.sk\/dod<\/a><\/p>\n<\/div>\n<p>[\/vc_column_text][\/vc_column][\/vc_row]<\/p>\n<\/div>","protected":false},"excerpt":{"rendered":"<p>[vc_row][vc_column][vc_column_text]DE\u0147 OTVOREN\u00ddCH DVER\u00cd S DOMINIKOU CIBULKOVOU! Akad\u00e9mia Love4Tennis Dominika Cibulkov\u00e1 organizuje u\u017e druh\u00fd rok De\u0148 otvoren\u00fdch dver\u00ed pre V\u00e1s, aby V\u00e1m pribl\u00ed\u017eila \u017eivot a tr\u00e9ningy v najlep\u0161ej tenisovej akad\u00e9mi\u00ed na [&hellip;]<\/p>\n","protected":false},"author":1,"featured_media":13770,"comment_status":"open","ping_status":"open","sticky":false,"template":"","format":"standard","meta":{"footnotes":""},"categories":[73],"tags":[],"class_list":["post-13773","post","type-post","status-publish","format-standard","has-post-thumbnail","hentry","category-vysledky"],"featured_image_src":{"landsacpe":["https:\/\/love4tennis.com\/wp-content\/uploads\/2019\/08\/dod-800x445.jpg",800,445,true],"list":["https:\/\/love4tennis.com\/wp-content\/uploads\/2019\/08\/dod-463x348.jpg",463,348,true],"medium":["https:\/\/love4tennis.com\/wp-content\/uploads\/2019\/08\/dod-300x300.jpg",300,300,true],"full":["https:\/\/love4tennis.com\/wp-content\/uploads\/2019\/08\/dod.jpg",800,800,false]},"yoast_head":"<!-- This site is optimized with the Yoast SEO plugin v23.1 - https:\/\/yoast.com\/wordpress\/plugins\/seo\/ -->\n<title>De\u0148 otvoren\u00fdch dver\u00ed s Dominikou Cibulkovou | Love4Tennis.com<\/title>\n<meta name=\"robots\" content=\"index, follow, max-snippet:-1, max-image-preview:large, max-video-preview:-1\" \/>\n<link rel=\"canonical\" href=\"https:\/\/love4tennis.com\/sk\/den-otvorenych-dveri-s-dominikou-cibulkovou-3\/\" \/>\n<meta property=\"og:locale\" content=\"sk_SK\" \/>\n<meta property=\"og:type\" content=\"article\" \/>\n<meta property=\"og:title\" content=\"De\u0148 otvoren\u00fdch dver\u00ed s Dominikou Cibulkovou | Love4Tennis.com\" \/>\n<meta property=\"og:description\" content=\"[vc_row][vc_column][vc_column_text]DE\u0147 OTVOREN\u00ddCH DVER\u00cd S DOMINIKOU CIBULKOVOU! Akad\u00e9mia Love4Tennis Dominika Cibulkov\u00e1 organizuje u\u017e druh\u00fd rok De\u0148 otvoren\u00fdch dver\u00ed pre V\u00e1s, aby V\u00e1m pribl\u00ed\u017eila \u017eivot a tr\u00e9ningy v najlep\u0161ej tenisovej akad\u00e9mi\u00ed na [&hellip;]\" \/>\n<meta property=\"og:url\" content=\"https:\/\/love4tennis.com\/sk\/den-otvorenych-dveri-s-dominikou-cibulkovou-3\/\" \/>\n<meta property=\"og:site_name\" content=\"L4T\" \/>\n<meta property=\"article:publisher\" content=\"https:\/\/www.facebook.com\/TKLOVE4TENNIS\/\" \/>\n<meta property=\"article:published_time\" content=\"2019-08-22T13:13:52+00:00\" \/>\n<meta property=\"article:modified_time\" content=\"2019-08-26T13:26:26+00:00\" \/>\n<meta property=\"og:image\" content=\"https:\/\/love4tennis.com\/wp-content\/uploads\/2019\/08\/dod.jpg\" \/>\n\t<meta property=\"og:image:width\" content=\"800\" \/>\n\t<meta property=\"og:image:height\" content=\"800\" \/>\n\t<meta property=\"og:image:type\" content=\"image\/jpeg\" \/>\n<meta name=\"author\" content=\"Love4Tennis\" \/>\n<meta name=\"twitter:card\" content=\"summary_large_image\" \/>\n<meta name=\"twitter:label1\" content=\"Autor\" \/>\n\t<meta name=\"twitter:data1\" content=\"Love4Tennis\" \/>\n\t<meta name=\"twitter:label2\" content=\"Predpokladan\u00fd \u010das \u010d\u00edtania\" \/>\n\t<meta name=\"twitter:data2\" content=\"1 min\u00fata\" \/>\n<script type=\"application\/ld+json\" class=\"yoast-schema-graph\">{\"@context\":\"https:\/\/schema.org\",\"@graph\":[{\"@type\":\"Article\",\"@id\":\"https:\/\/love4tennis.com\/sk\/den-otvorenych-dveri-s-dominikou-cibulkovou-3\/#article\",\"isPartOf\":{\"@id\":\"https:\/\/love4tennis.com\/sk\/den-otvorenych-dveri-s-dominikou-cibulkovou-3\/\"},\"author\":{\"name\":\"Love4Tennis\",\"@id\":\"https:\/\/love4tennis.com\/#\/schema\/person\/942d259a024af9811939a2d7ddd56046\"},\"headline\":\"De\u0148 otvoren\u00fdch dver\u00ed s Dominikou Cibulkovou\",\"datePublished\":\"2019-08-22T13:13:52+00:00\",\"dateModified\":\"2019-08-26T13:26:26+00:00\",\"mainEntityOfPage\":{\"@id\":\"https:\/\/love4tennis.com\/sk\/den-otvorenych-dveri-s-dominikou-cibulkovou-3\/\"},\"wordCount\":124,\"commentCount\":0,\"publisher\":{\"@id\":\"https:\/\/love4tennis.com\/#organization\"},\"image\":{\"@id\":\"https:\/\/love4tennis.com\/sk\/den-otvorenych-dveri-s-dominikou-cibulkovou-3\/#primaryimage\"},\"thumbnailUrl\":\"https:\/\/love4tennis.com\/wp-content\/uploads\/2019\/08\/dod.jpg\",\"articleSection\":[\"V\u00fdsledky\"],\"inLanguage\":\"sk-SK\",\"potentialAction\":[{\"@type\":\"CommentAction\",\"name\":\"Comment\",\"target\":[\"https:\/\/love4tennis.com\/sk\/den-otvorenych-dveri-s-dominikou-cibulkovou-3\/#respond\"]}]},{\"@type\":\"WebPage\",\"@id\":\"https:\/\/love4tennis.com\/sk\/den-otvorenych-dveri-s-dominikou-cibulkovou-3\/\",\"url\":\"https:\/\/love4tennis.com\/sk\/den-otvorenych-dveri-s-dominikou-cibulkovou-3\/\",\"name\":\"De\u0148 otvoren\u00fdch dver\u00ed s Dominikou Cibulkovou | Love4Tennis.com\",\"isPartOf\":{\"@id\":\"https:\/\/love4tennis.com\/#website\"},\"primaryImageOfPage\":{\"@id\":\"https:\/\/love4tennis.com\/sk\/den-otvorenych-dveri-s-dominikou-cibulkovou-3\/#primaryimage\"},\"image\":{\"@id\":\"https:\/\/love4tennis.com\/sk\/den-otvorenych-dveri-s-dominikou-cibulkovou-3\/#primaryimage\"},\"thumbnailUrl\":\"https:\/\/love4tennis.com\/wp-content\/uploads\/2019\/08\/dod.jpg\",\"datePublished\":\"2019-08-22T13:13:52+00:00\",\"dateModified\":\"2019-08-26T13:26:26+00:00\",\"breadcrumb\":{\"@id\":\"https:\/\/love4tennis.com\/sk\/den-otvorenych-dveri-s-dominikou-cibulkovou-3\/#breadcrumb\"},\"inLanguage\":\"sk-SK\",\"potentialAction\":[{\"@type\":\"ReadAction\",\"target\":[\"https:\/\/love4tennis.com\/sk\/den-otvorenych-dveri-s-dominikou-cibulkovou-3\/\"]}]},{\"@type\":\"ImageObject\",\"inLanguage\":\"sk-SK\",\"@id\":\"https:\/\/love4tennis.com\/sk\/den-otvorenych-dveri-s-dominikou-cibulkovou-3\/#primaryimage\",\"url\":\"https:\/\/love4tennis.com\/wp-content\/uploads\/2019\/08\/dod.jpg\",\"contentUrl\":\"https:\/\/love4tennis.com\/wp-content\/uploads\/2019\/08\/dod.jpg\",\"width\":800,\"height\":800},{\"@type\":\"BreadcrumbList\",\"@id\":\"https:\/\/love4tennis.com\/sk\/den-otvorenych-dveri-s-dominikou-cibulkovou-3\/#breadcrumb\",\"itemListElement\":[{\"@type\":\"ListItem\",\"position\":1,\"name\":\"Dom\u00e1ca str\u00e1nka\",\"item\":\"https:\/\/love4tennis.com\/sk\/\"},{\"@type\":\"ListItem\",\"position\":2,\"name\":\"De\u0148 otvoren\u00fdch dver\u00ed s Dominikou Cibulkovou\"}]},{\"@type\":\"WebSite\",\"@id\":\"https:\/\/love4tennis.com\/#website\",\"url\":\"https:\/\/love4tennis.com\/\",\"name\":\"L4T\",\"description\":\"\",\"publisher\":{\"@id\":\"https:\/\/love4tennis.com\/#organization\"},\"potentialAction\":[{\"@type\":\"SearchAction\",\"target\":{\"@type\":\"EntryPoint\",\"urlTemplate\":\"https:\/\/love4tennis.com\/?s={search_term_string}\"},\"query-input\":\"required name=search_term_string\"}],\"inLanguage\":\"sk-SK\"},{\"@type\":\"Organization\",\"@id\":\"https:\/\/love4tennis.com\/#organization\",\"name\":\"Love4Tennis Academy\",\"url\":\"https:\/\/love4tennis.com\/\",\"logo\":{\"@type\":\"ImageObject\",\"inLanguage\":\"sk-SK\",\"@id\":\"https:\/\/love4tennis.com\/#\/schema\/logo\/image\/\",\"url\":\"https:\/\/love4tennis.com\/wp-content\/uploads\/2018\/10\/logo_love4tennis.jpg\",\"contentUrl\":\"https:\/\/love4tennis.com\/wp-content\/uploads\/2018\/10\/logo_love4tennis.jpg\",\"width\":608,\"height\":315,\"caption\":\"Love4Tennis Academy\"},\"image\":{\"@id\":\"https:\/\/love4tennis.com\/#\/schema\/logo\/image\/\"},\"sameAs\":[\"https:\/\/www.facebook.com\/TKLOVE4TENNIS\/\"]},{\"@type\":\"Person\",\"@id\":\"https:\/\/love4tennis.com\/#\/schema\/person\/942d259a024af9811939a2d7ddd56046\",\"name\":\"Love4Tennis\",\"url\":\"https:\/\/love4tennis.com\/sk\/author\/skuska\/\"}]}<\/script>\n<!-- \/ Yoast SEO plugin. -->","yoast_head_json":{"title":"De\u0148 otvoren\u00fdch dver\u00ed s Dominikou Cibulkovou | Love4Tennis.com","robots":{"index":"index","follow":"follow","max-snippet":"max-snippet:-1","max-image-preview":"max-image-preview:large","max-video-preview":"max-video-preview:-1"},"canonical":"https:\/\/love4tennis.com\/sk\/den-otvorenych-dveri-s-dominikou-cibulkovou-3\/","og_locale":"sk_SK","og_type":"article","og_title":"De\u0148 otvoren\u00fdch dver\u00ed s Dominikou Cibulkovou | Love4Tennis.com","og_description":"[vc_row][vc_column][vc_column_text]DE\u0147 OTVOREN\u00ddCH DVER\u00cd S DOMINIKOU CIBULKOVOU! Akad\u00e9mia Love4Tennis Dominika Cibulkov\u00e1 organizuje u\u017e druh\u00fd rok De\u0148 otvoren\u00fdch dver\u00ed pre V\u00e1s, aby V\u00e1m pribl\u00ed\u017eila \u017eivot a tr\u00e9ningy v najlep\u0161ej tenisovej akad\u00e9mi\u00ed na [&hellip;]","og_url":"https:\/\/love4tennis.com\/sk\/den-otvorenych-dveri-s-dominikou-cibulkovou-3\/","og_site_name":"L4T","article_publisher":"https:\/\/www.facebook.com\/TKLOVE4TENNIS\/","article_published_time":"2019-08-22T13:13:52+00:00","article_modified_time":"2019-08-26T13:26:26+00:00","og_image":[{"width":800,"height":800,"url":"https:\/\/love4tennis.com\/wp-content\/uploads\/2019\/08\/dod.jpg","type":"image\/jpeg"}],"author":"Love4Tennis","twitter_card":"summary_large_image","twitter_misc":{"Autor":"Love4Tennis","Predpokladan\u00fd \u010das \u010d\u00edtania":"1 min\u00fata"},"schema":{"@context":"https:\/\/schema.org","@graph":[{"@type":"Article","@id":"https:\/\/love4tennis.com\/sk\/den-otvorenych-dveri-s-dominikou-cibulkovou-3\/#article","isPartOf":{"@id":"https:\/\/love4tennis.com\/sk\/den-otvorenych-dveri-s-dominikou-cibulkovou-3\/"},"author":{"name":"Love4Tennis","@id":"https:\/\/love4tennis.com\/#\/schema\/person\/942d259a024af9811939a2d7ddd56046"},"headline":"De\u0148 otvoren\u00fdch dver\u00ed s Dominikou Cibulkovou","datePublished":"2019-08-22T13:13:52+00:00","dateModified":"2019-08-26T13:26:26+00:00","mainEntityOfPage":{"@id":"https:\/\/love4tennis.com\/sk\/den-otvorenych-dveri-s-dominikou-cibulkovou-3\/"},"wordCount":124,"commentCount":0,"publisher":{"@id":"https:\/\/love4tennis.com\/#organization"},"image":{"@id":"https:\/\/love4tennis.com\/sk\/den-otvorenych-dveri-s-dominikou-cibulkovou-3\/#primaryimage"},"thumbnailUrl":"https:\/\/love4tennis.com\/wp-content\/uploads\/2019\/08\/dod.jpg","articleSection":["V\u00fdsledky"],"inLanguage":"sk-SK","potentialAction":[{"@type":"CommentAction","name":"Comment","target":["https:\/\/love4tennis.com\/sk\/den-otvorenych-dveri-s-dominikou-cibulkovou-3\/#respond"]}]},{"@type":"WebPage","@id":"https:\/\/love4tennis.com\/sk\/den-otvorenych-dveri-s-dominikou-cibulkovou-3\/","url":"https:\/\/love4tennis.com\/sk\/den-otvorenych-dveri-s-dominikou-cibulkovou-3\/","name":"De\u0148 otvoren\u00fdch dver\u00ed s Dominikou Cibulkovou | Love4Tennis.com","isPartOf":{"@id":"https:\/\/love4tennis.com\/#website"},"primaryImageOfPage":{"@id":"https:\/\/love4tennis.com\/sk\/den-otvorenych-dveri-s-dominikou-cibulkovou-3\/#primaryimage"},"image":{"@id":"https:\/\/love4tennis.com\/sk\/den-otvorenych-dveri-s-dominikou-cibulkovou-3\/#primaryimage"},"thumbnailUrl":"https:\/\/love4tennis.com\/wp-content\/uploads\/2019\/08\/dod.jpg","datePublished":"2019-08-22T13:13:52+00:00","dateModified":"2019-08-26T13:26:26+00:00","breadcrumb":{"@id":"https:\/\/love4tennis.com\/sk\/den-otvorenych-dveri-s-dominikou-cibulkovou-3\/#breadcrumb"},"inLanguage":"sk-SK","potentialAction":[{"@type":"ReadAction","target":["https:\/\/love4tennis.com\/sk\/den-otvorenych-dveri-s-dominikou-cibulkovou-3\/"]}]},{"@type":"ImageObject","inLanguage":"sk-SK","@id":"https:\/\/love4tennis.com\/sk\/den-otvorenych-dveri-s-dominikou-cibulkovou-3\/#primaryimage","url":"https:\/\/love4tennis.com\/wp-content\/uploads\/2019\/08\/dod.jpg","contentUrl":"https:\/\/love4tennis.com\/wp-content\/uploads\/2019\/08\/dod.jpg","width":800,"height":800},{"@type":"BreadcrumbList","@id":"https:\/\/love4tennis.com\/sk\/den-otvorenych-dveri-s-dominikou-cibulkovou-3\/#breadcrumb","itemListElement":[{"@type":"ListItem","position":1,"name":"Dom\u00e1ca str\u00e1nka","item":"https:\/\/love4tennis.com\/sk\/"},{"@type":"ListItem","position":2,"name":"De\u0148 otvoren\u00fdch dver\u00ed s Dominikou Cibulkovou"}]},{"@type":"WebSite","@id":"https:\/\/love4tennis.com\/#website","url":"https:\/\/love4tennis.com\/","name":"L4T","description":"","publisher":{"@id":"https:\/\/love4tennis.com\/#organization"},"potentialAction":[{"@type":"SearchAction","target":{"@type":"EntryPoint","urlTemplate":"https:\/\/love4tennis.com\/?s={search_term_string}"},"query-input":"required name=search_term_string"}],"inLanguage":"sk-SK"},{"@type":"Organization","@id":"https:\/\/love4tennis.com\/#organization","name":"Love4Tennis Academy","url":"https:\/\/love4tennis.com\/","logo":{"@type":"ImageObject","inLanguage":"sk-SK","@id":"https:\/\/love4tennis.com\/#\/schema\/logo\/image\/","url":"https:\/\/love4tennis.com\/wp-content\/uploads\/2018\/10\/logo_love4tennis.jpg","contentUrl":"https:\/\/love4tennis.com\/wp-content\/uploads\/2018\/10\/logo_love4tennis.jpg","width":608,"height":315,"caption":"Love4Tennis Academy"},"image":{"@id":"https:\/\/love4tennis.com\/#\/schema\/logo\/image\/"},"sameAs":["https:\/\/www.facebook.com\/TKLOVE4TENNIS\/"]},{"@type":"Person","@id":"https:\/\/love4tennis.com\/#\/schema\/person\/942d259a024af9811939a2d7ddd56046","name":"Love4Tennis","url":"https:\/\/love4tennis.com\/sk\/author\/skuska\/"}]}},"_links":{"self":[{"href":"https:\/\/love4tennis.com\/sk\/wp-json\/wp\/v2\/posts\/13773"}],"collection":[{"href":"https:\/\/love4tennis.com\/sk\/wp-json\/wp\/v2\/posts"}],"about":[{"href":"https:\/\/love4tennis.com\/sk\/wp-json\/wp\/v2\/types\/post"}],"author":[{"embeddable":true,"href":"https:\/\/love4tennis.com\/sk\/wp-json\/wp\/v2\/users\/1"}],"replies":[{"embeddable":true,"href":"https:\/\/love4tennis.com\/sk\/wp-json\/wp\/v2\/comments?post=13773"}],"version-history":[{"count":2,"href":"https:\/\/love4tennis.com\/sk\/wp-json\/wp\/v2\/posts\/13773\/revisions"}],"predecessor-version":[{"id":13776,"href":"https:\/\/love4tennis.com\/sk\/wp-json\/wp\/v2\/posts\/13773\/revisions\/13776"}],"wp:featuredmedia":[{"embeddable":true,"href":"https:\/\/love4tennis.com\/sk\/wp-json\/wp\/v2\/media\/13770"}],"wp:attachment":[{"href":"https:\/\/love4tennis.com\/sk\/wp-json\/wp\/v2\/media?parent=13773"}],"wp:term":[{"taxonomy":"category","embeddable":true,"href":"https:\/\/love4tennis.com\/sk\/wp-json\/wp\/v2\/categories?post=13773"},{"taxonomy":"post_tag","embeddable":true,"href":"https:\/\/love4tennis.com\/sk\/wp-json\/wp\/v2\/tags?post=13773"}],"curies":[{"name":"wp","href":"https:\/\/api.w.org\/{rel}","templated":true}]}}