{"id":6348,"date":"2015-05-05T20:58:11","date_gmt":"2015-05-05T18:58:11","guid":{"rendered":"https:\/\/love4tennis.com\/sk\/?p=6348"},"modified":"2016-03-23T23:18:37","modified_gmt":"2016-03-23T21:18:37","slug":"kristina-kucova-sa-stala-clenkou-akademie-love-4-tennis","status":"publish","type":"post","link":"https:\/\/love4tennis.com\/sk\/kristina-kucova-sa-stala-clenkou-akademie-love-4-tennis\/","title":{"rendered":"Krist\u00edna Ku\u010dov\u00e1 sa stala \u010dlenkou Akad\u00e9mie LOVE 4 TENNIS"},"content":{"rendered":"<div class=\"wpb-content-wrapper\"><p>[vc_row][vc_column][vc_single_image image=&#8220;6144&#8243; img_size=&#8220;full&#8220;][vc_column_text]<\/p>\n<p style=\"text-align: justify; line-height: 14.65pt; background: white; margin: 0cm 0cm 18.0pt 0cm;\"><strong><span style=\"font-size: 10.0pt; font-family: 'Helvetica','sans-serif'; color: #626262;\">Slovensk\u00e1 fedcupov\u00e1 reprezentantka a 125. hr\u00e1\u010dka sveta Krist\u00edna Ku\u010dov\u00e1 (24) bude tr\u00e9nova\u0165 v\u00a0 medzin\u00e1rodnej akad\u00e9mii LOVE 4 TENNIS. Spolupr\u00e1ca je dohodnut\u00e1 na sez\u00f3nu 2015 a na jej tr\u00e9ningov\u00fd proces bude v Bratislave na ulici Turb\u00ednov\u00e1 dohliada\u0165 kou\u010d Peter Jur\u00edk, ktor\u00fd by mal s hr\u00e1\u010dkou absolvova\u0165 aj v\u00fdjazdy na turnaje.<\/span><\/strong><\/p>\n<p style=\"text-align: justify; line-height: 14.65pt; background: white; margin: 0cm 0cm 18.0pt 0cm;\"><span style=\"font-size: 10.0pt; font-family: 'Helvetica','sans-serif'; color: #626262;\">Krist\u00edna Ku\u010dov\u00e1 tr\u00e9novala v LOVE 4 TENNIS aj v decembri 2014, ale i\u0161lo len o p\u00e1r nez\u00e1v\u00e4zn\u00fdch tr\u00e9ningov v zime.<span class=\"apple-converted-space\">\u00a0<\/span><strong><i><span style=\"font-family: 'Helvetica','sans-serif';\">\u201eBola na Slovensku, nemala s k\u00fdm hra\u0165, tak mi zavolala, \u010di si nem\u00f4\u017ee p\u00e1rkr\u00e1t zahra\u0165. Nejako sa jej to pozd\u00e1valo a sadlo jej to. V minulosti, asi p\u00e4\u0165 rokov, som tr\u00e9noval aj jej sestru Zuzku. Kika sa ma op\u00fdtala, \u010di by som sa jej nebol ochotn\u00fd venova\u0165. Povedal som, \u017ee m\u00f4\u017eem, ale v r\u00e1mci akad\u00e9mie,\u201c<\/span><\/i><\/strong><span class=\"apple-converted-space\">\u00a0<\/span>pop\u00edsal za\u010diatky spolupr\u00e1ce Peter Jur\u00edk, ktor\u00fd v Akad\u00e9mii L4T vedie aj svoju sestru Lenku Jur\u00edkov\u00fa. Ako bude fungova\u0165 spolupr\u00e1ca s Krist\u00ednou? \u201ePo tr\u00e9nerskej str\u00e1nke sa budem o \u0148u stara\u0165 najm\u00e4 ja. Nejde \u00faplne o \u00falohu osobn\u00e9ho kou\u010da, je to cel\u00e9 pod z\u00e1\u0161titou akad\u00e9mie,\u201c hovor\u00ed tr\u00e9ner z LOVE 4 TENNIS.<\/span><\/p>\n<p style=\"text-align: justify; line-height: 14.65pt; background: white; margin: 0cm 0cm 18.0pt 0cm;\"><strong><span style=\"font-size: 10.0pt; font-family: 'Helvetica','sans-serif'; color: #626262;\">M\u00e1 na TOP 50<\/span><\/strong><\/p>\n<p style=\"text-align: justify; line-height: 14.65pt; background: white; margin: 0cm 0cm 18.0pt 0cm;\"><span style=\"font-size: 10.0pt; font-family: 'Helvetica','sans-serif'; color: #626262;\"><br \/>\nPod\u013ea Jur\u00edka sa v Krist\u00edne st\u00e1le skr\u00fdva nenaplnen\u00fd potenci\u00e1l a 125. poz\u00edciu v rebr\u00ed\u010dku WTA m\u00f4\u017ee vylep\u0161i\u0165.<span class=\"apple-converted-space\"><b><i>\u00a0<\/i><\/b><\/span><strong><i><span style=\"font-family: 'Helvetica','sans-serif';\">\u201eM\u00e1 na to, aby bola v prvej stovke, potrebuje asi 120 bodov. Mo\u017eno aj okolo 50. miesta, mo\u017eno aj lep\u0161ie. Uvid\u00ed sa to \u010dasom. V minulosti ju ur\u010dite zabrzdili aj zranenia,\u201c<\/span><\/i><\/strong><span class=\"apple-converted-space\"><b><i>\u00a0<\/i><\/b><\/span>nazd\u00e1va sa Jur\u00edk.<br \/>\nKu\u010dov\u00e1 absolvovala minul\u00fd t\u00fd\u017ede\u0148 v akad\u00e9mii p\u00e1r tr\u00e9ningov, potom odi\u0161la do Franc\u00fazska na 50-tis\u00edcov\u00fd turnaj, kde neuspela v 2. kole dvojhry.\u00a0 Teraz ju \u010dak\u00e1 kvalifik\u00e1cia dvojhry na Roland Garros. \u201eBude to n\u00e1ro\u010dn\u00e9, lebo Kika bude chodi\u0165 na turnaje a nebude doma \u010dasto. Dohoda znie tak, \u017ee ke\u010f bude v Bratislave, bude u n\u00e1s tr\u00e9nova\u0165. Na nejak\u00e9 turnaje s \u0148ou potom aj vybehnem, aby sme nadviazali na tr\u00e9ningov\u00fd proces,\u201c dod\u00e1va Jur\u00edk.<\/span><\/p>\n<p style=\"margin: 0cm; margin-bottom: .0001pt; text-align: justify; line-height: 14.65pt; background: white;\"><span style=\"font-size: 10.0pt; font-family: 'Helvetica','sans-serif'; color: #626262;\">Krist\u00edna Ku\u010dov\u00e1 ver\u00ed, \u017ee urobila spr\u00e1vne rozhodnutie, ktor\u00e9 jej prinesie v\u00fdsledky.<span class=\"apple-converted-space\"><b><i>\u00a0<\/i><\/b><\/span><strong><i><span style=\"font-family: 'Helvetica','sans-serif';\">\u201eVer\u00edm, \u017ee spolupr\u00e1ca s Pe\u0165om Jur\u00edkom, ale, samozrejme, aj pod veden\u00edm \u0161\u00e9ftr\u00e9nera Erika Csarnakovicsa, bude fungova\u0165 a te\u0161\u00edm sa na \u0148u. Oslovila som Erika, \u010di m\u00f4\u017eem vst\u00fapi\u0165 do akad\u00e9mie a ve\u013emi ma pote\u0161il jeho pozit\u00edvny postoj,\u201c<\/span><\/i><\/strong><span class=\"apple-converted-space\">\u00a0<\/span>reaguje pre<\/span><a href=\"http:\/\/www.love4tennis.sk\/\"><span style=\"font-size: 10.0pt; font-family: 'Helvetica','sans-serif'; color: black;\">www.love4tennis.sk<\/span><\/a><span class=\"apple-converted-space\"><span style=\"font-size: 10.0pt; font-family: 'Helvetica','sans-serif'; color: #626262;\">\u00a0<\/span><\/span><span style=\"font-size: 10.0pt; font-family: 'Helvetica','sans-serif'; color: #626262;\">slovensk\u00e1 tenistka.<\/span><\/p>\n<p style=\"text-align: justify; line-height: 14.65pt; background: white; margin: 0cm 0cm 18.0pt 0cm;\"><strong><span style=\"font-size: 10.0pt; font-family: 'Helvetica','sans-serif'; color: #626262;\">\u010co sa t\u00fdka sparingov a tr\u00e9ningov, v Akad\u00e9mii LOVE 4 TENNIS p\u00f4sobia dve WTA hr\u00e1\u010dky Lenka Jur\u00edkov\u00e1 a Karina Morgo\u0161ov\u00e1. Pre sparingy s\u00fa k dispoz\u00edcii aj talentovan\u00ed juniori.<\/span><\/strong><b><span style=\"font-size: 10.0pt; font-family: 'Helvetica','sans-serif'; color: #626262;\"><br \/>\n<strong><span style=\"font-family: 'Helvetica','sans-serif';\">Kondi\u010dku Ku\u010dovej bud\u00fa ma\u0165 na starosti Michal Dubovec a Pavel \u0160mela, mas\u00e9rom je Robert Caro. Poradcom v t\u00edme bude \u0161\u00e9ftr\u00e9ner akad\u00e9mie Erik Csarnakovics.<\/span><\/strong><\/span><\/b><span style=\"font-size: 10.0pt; font-family: 'Helvetica','sans-serif'; color: #626262;\"><br \/>\nKu\u010dov\u00e1 vybojovala v kari\u00e9re 8 singlov\u00fdch titulov na okruhu ITF, 4 m\u00e1 zo \u0161tvorhry. Najvy\u0161\u0161ie v rebr\u00ed\u010dku WTA bola na 103. mieste v auguste 2009. Za Slovensko vo Fed Cupe odohrala 5 duelov. V roku 2007 sa stala v\u00ed\u0165azkou juniorskej dvojhry na grandslamovom US Open.<\/span><\/p>\n<p>[\/vc_column_text][\/vc_column][\/vc_row]<\/p>\n<\/div>","protected":false},"excerpt":{"rendered":"<p>[vc_row][vc_column][vc_single_image image=&#8220;6144&#8243; img_size=&#8220;full&#8220;][vc_column_text] Slovensk\u00e1 fedcupov\u00e1 reprezentantka a 125. hr\u00e1\u010dka sveta Krist\u00edna Ku\u010dov\u00e1 (24) bude tr\u00e9nova\u0165 v\u00a0 medzin\u00e1rodnej akad\u00e9mii LOVE 4 TENNIS. Spolupr\u00e1ca je dohodnut\u00e1 na sez\u00f3nu 2015 a na jej [&hellip;]<\/p>\n","protected":false},"author":2,"featured_media":0,"comment_status":"open","ping_status":"open","sticky":false,"template":"","format":"standard","meta":{"footnotes":""},"categories":[86],"tags":[],"class_list":["post-6348","post","type-post","status-publish","format-standard","hentry","category-zivot-akademie"],"featured_image_src":{"landsacpe":false,"list":false,"medium":false,"full":false},"yoast_head":"<!-- This site is optimized with the Yoast SEO plugin v23.1 - https:\/\/yoast.com\/wordpress\/plugins\/seo\/ -->\n<title>Krist\u00edna Ku\u010dov\u00e1 sa stala \u010dlenkou Akad\u00e9mie LOVE 4 TENNIS | L4T<\/title>\n<meta name=\"robots\" content=\"index, follow, max-snippet:-1, max-image-preview:large, max-video-preview:-1\" \/>\n<link rel=\"canonical\" href=\"https:\/\/love4tennis.com\/sk\/kristina-kucova-sa-stala-clenkou-akademie-love-4-tennis\/\" \/>\n<meta property=\"og:locale\" content=\"sk_SK\" \/>\n<meta property=\"og:type\" content=\"article\" \/>\n<meta property=\"og:title\" content=\"Krist\u00edna Ku\u010dov\u00e1 sa stala \u010dlenkou Akad\u00e9mie LOVE 4 TENNIS | L4T\" \/>\n<meta property=\"og:description\" content=\"[vc_row][vc_column][vc_single_image image=&#8220;6144&#8243; img_size=&#8220;full&#8220;][vc_column_text] Slovensk\u00e1 fedcupov\u00e1 reprezentantka a 125. hr\u00e1\u010dka sveta Krist\u00edna Ku\u010dov\u00e1 (24) bude tr\u00e9nova\u0165 v\u00a0 medzin\u00e1rodnej akad\u00e9mii LOVE 4 TENNIS. Spolupr\u00e1ca je dohodnut\u00e1 na sez\u00f3nu 2015 a na jej [&hellip;]\" \/>\n<meta property=\"og:url\" content=\"https:\/\/love4tennis.com\/sk\/kristina-kucova-sa-stala-clenkou-akademie-love-4-tennis\/\" \/>\n<meta property=\"og:site_name\" content=\"L4T\" \/>\n<meta property=\"article:publisher\" content=\"https:\/\/www.facebook.com\/TKLOVE4TENNIS\/\" \/>\n<meta property=\"article:published_time\" content=\"2015-05-05T18:58:11+00:00\" \/>\n<meta property=\"article:modified_time\" content=\"2016-03-23T21:18:37+00:00\" \/>\n<meta name=\"author\" content=\"l4tAdmin\" \/>\n<meta name=\"twitter:card\" content=\"summary_large_image\" \/>\n<meta name=\"twitter:label1\" content=\"Autor\" \/>\n\t<meta name=\"twitter:data1\" content=\"l4tAdmin\" \/>\n\t<meta name=\"twitter:label2\" content=\"Predpokladan\u00fd \u010das \u010d\u00edtania\" \/>\n\t<meta name=\"twitter:data2\" content=\"3 min\u00faty\" \/>\n<script type=\"application\/ld+json\" class=\"yoast-schema-graph\">{\"@context\":\"https:\/\/schema.org\",\"@graph\":[{\"@type\":\"Article\",\"@id\":\"https:\/\/love4tennis.com\/sk\/kristina-kucova-sa-stala-clenkou-akademie-love-4-tennis\/#article\",\"isPartOf\":{\"@id\":\"https:\/\/love4tennis.com\/sk\/kristina-kucova-sa-stala-clenkou-akademie-love-4-tennis\/\"},\"author\":{\"name\":\"l4tAdmin\",\"@id\":\"https:\/\/love4tennis.com\/#\/schema\/person\/9859539f42bab3c6e6164a47e24e2f9d\"},\"headline\":\"Krist\u00edna Ku\u010dov\u00e1 sa stala \u010dlenkou Akad\u00e9mie LOVE 4 TENNIS\",\"datePublished\":\"2015-05-05T18:58:11+00:00\",\"dateModified\":\"2016-03-23T21:18:37+00:00\",\"mainEntityOfPage\":{\"@id\":\"https:\/\/love4tennis.com\/sk\/kristina-kucova-sa-stala-clenkou-akademie-love-4-tennis\/\"},\"wordCount\":579,\"commentCount\":0,\"publisher\":{\"@id\":\"https:\/\/love4tennis.com\/#organization\"},\"articleSection\":[\"\u017divot akad\u00e9mie\"],\"inLanguage\":\"sk-SK\",\"potentialAction\":[{\"@type\":\"CommentAction\",\"name\":\"Comment\",\"target\":[\"https:\/\/love4tennis.com\/sk\/kristina-kucova-sa-stala-clenkou-akademie-love-4-tennis\/#respond\"]}]},{\"@type\":\"WebPage\",\"@id\":\"https:\/\/love4tennis.com\/sk\/kristina-kucova-sa-stala-clenkou-akademie-love-4-tennis\/\",\"url\":\"https:\/\/love4tennis.com\/sk\/kristina-kucova-sa-stala-clenkou-akademie-love-4-tennis\/\",\"name\":\"Krist\u00edna Ku\u010dov\u00e1 sa stala \u010dlenkou Akad\u00e9mie LOVE 4 TENNIS | L4T\",\"isPartOf\":{\"@id\":\"https:\/\/love4tennis.com\/#website\"},\"datePublished\":\"2015-05-05T18:58:11+00:00\",\"dateModified\":\"2016-03-23T21:18:37+00:00\",\"breadcrumb\":{\"@id\":\"https:\/\/love4tennis.com\/sk\/kristina-kucova-sa-stala-clenkou-akademie-love-4-tennis\/#breadcrumb\"},\"inLanguage\":\"sk-SK\",\"potentialAction\":[{\"@type\":\"ReadAction\",\"target\":[\"https:\/\/love4tennis.com\/sk\/kristina-kucova-sa-stala-clenkou-akademie-love-4-tennis\/\"]}]},{\"@type\":\"BreadcrumbList\",\"@id\":\"https:\/\/love4tennis.com\/sk\/kristina-kucova-sa-stala-clenkou-akademie-love-4-tennis\/#breadcrumb\",\"itemListElement\":[{\"@type\":\"ListItem\",\"position\":1,\"name\":\"Dom\u00e1ca str\u00e1nka\",\"item\":\"https:\/\/love4tennis.com\/sk\/\"},{\"@type\":\"ListItem\",\"position\":2,\"name\":\"Krist\u00edna Ku\u010dov\u00e1 sa stala \u010dlenkou Akad\u00e9mie LOVE 4 TENNIS\"}]},{\"@type\":\"WebSite\",\"@id\":\"https:\/\/love4tennis.com\/#website\",\"url\":\"https:\/\/love4tennis.com\/\",\"name\":\"L4T\",\"description\":\"\",\"publisher\":{\"@id\":\"https:\/\/love4tennis.com\/#organization\"},\"potentialAction\":[{\"@type\":\"SearchAction\",\"target\":{\"@type\":\"EntryPoint\",\"urlTemplate\":\"https:\/\/love4tennis.com\/?s={search_term_string}\"},\"query-input\":\"required name=search_term_string\"}],\"inLanguage\":\"sk-SK\"},{\"@type\":\"Organization\",\"@id\":\"https:\/\/love4tennis.com\/#organization\",\"name\":\"Love4Tennis Academy\",\"url\":\"https:\/\/love4tennis.com\/\",\"logo\":{\"@type\":\"ImageObject\",\"inLanguage\":\"sk-SK\",\"@id\":\"https:\/\/love4tennis.com\/#\/schema\/logo\/image\/\",\"url\":\"https:\/\/love4tennis.com\/wp-content\/uploads\/2018\/10\/logo_love4tennis.jpg\",\"contentUrl\":\"https:\/\/love4tennis.com\/wp-content\/uploads\/2018\/10\/logo_love4tennis.jpg\",\"width\":608,\"height\":315,\"caption\":\"Love4Tennis Academy\"},\"image\":{\"@id\":\"https:\/\/love4tennis.com\/#\/schema\/logo\/image\/\"},\"sameAs\":[\"https:\/\/www.facebook.com\/TKLOVE4TENNIS\/\"]},{\"@type\":\"Person\",\"@id\":\"https:\/\/love4tennis.com\/#\/schema\/person\/9859539f42bab3c6e6164a47e24e2f9d\",\"name\":\"l4tAdmin\",\"url\":\"https:\/\/love4tennis.com\/sk\/author\/l4tAdmin\/\"}]}<\/script>\n<!-- \/ Yoast SEO plugin. -->","yoast_head_json":{"title":"Krist\u00edna Ku\u010dov\u00e1 sa stala \u010dlenkou Akad\u00e9mie LOVE 4 TENNIS | L4T","robots":{"index":"index","follow":"follow","max-snippet":"max-snippet:-1","max-image-preview":"max-image-preview:large","max-video-preview":"max-video-preview:-1"},"canonical":"https:\/\/love4tennis.com\/sk\/kristina-kucova-sa-stala-clenkou-akademie-love-4-tennis\/","og_locale":"sk_SK","og_type":"article","og_title":"Krist\u00edna Ku\u010dov\u00e1 sa stala \u010dlenkou Akad\u00e9mie LOVE 4 TENNIS | L4T","og_description":"[vc_row][vc_column][vc_single_image image=&#8220;6144&#8243; img_size=&#8220;full&#8220;][vc_column_text] Slovensk\u00e1 fedcupov\u00e1 reprezentantka a 125. hr\u00e1\u010dka sveta Krist\u00edna Ku\u010dov\u00e1 (24) bude tr\u00e9nova\u0165 v\u00a0 medzin\u00e1rodnej akad\u00e9mii LOVE 4 TENNIS. Spolupr\u00e1ca je dohodnut\u00e1 na sez\u00f3nu 2015 a na jej [&hellip;]","og_url":"https:\/\/love4tennis.com\/sk\/kristina-kucova-sa-stala-clenkou-akademie-love-4-tennis\/","og_site_name":"L4T","article_publisher":"https:\/\/www.facebook.com\/TKLOVE4TENNIS\/","article_published_time":"2015-05-05T18:58:11+00:00","article_modified_time":"2016-03-23T21:18:37+00:00","author":"l4tAdmin","twitter_card":"summary_large_image","twitter_misc":{"Autor":"l4tAdmin","Predpokladan\u00fd \u010das \u010d\u00edtania":"3 min\u00faty"},"schema":{"@context":"https:\/\/schema.org","@graph":[{"@type":"Article","@id":"https:\/\/love4tennis.com\/sk\/kristina-kucova-sa-stala-clenkou-akademie-love-4-tennis\/#article","isPartOf":{"@id":"https:\/\/love4tennis.com\/sk\/kristina-kucova-sa-stala-clenkou-akademie-love-4-tennis\/"},"author":{"name":"l4tAdmin","@id":"https:\/\/love4tennis.com\/#\/schema\/person\/9859539f42bab3c6e6164a47e24e2f9d"},"headline":"Krist\u00edna Ku\u010dov\u00e1 sa stala \u010dlenkou Akad\u00e9mie LOVE 4 TENNIS","datePublished":"2015-05-05T18:58:11+00:00","dateModified":"2016-03-23T21:18:37+00:00","mainEntityOfPage":{"@id":"https:\/\/love4tennis.com\/sk\/kristina-kucova-sa-stala-clenkou-akademie-love-4-tennis\/"},"wordCount":579,"commentCount":0,"publisher":{"@id":"https:\/\/love4tennis.com\/#organization"},"articleSection":["\u017divot akad\u00e9mie"],"inLanguage":"sk-SK","potentialAction":[{"@type":"CommentAction","name":"Comment","target":["https:\/\/love4tennis.com\/sk\/kristina-kucova-sa-stala-clenkou-akademie-love-4-tennis\/#respond"]}]},{"@type":"WebPage","@id":"https:\/\/love4tennis.com\/sk\/kristina-kucova-sa-stala-clenkou-akademie-love-4-tennis\/","url":"https:\/\/love4tennis.com\/sk\/kristina-kucova-sa-stala-clenkou-akademie-love-4-tennis\/","name":"Krist\u00edna Ku\u010dov\u00e1 sa stala \u010dlenkou Akad\u00e9mie LOVE 4 TENNIS | L4T","isPartOf":{"@id":"https:\/\/love4tennis.com\/#website"},"datePublished":"2015-05-05T18:58:11+00:00","dateModified":"2016-03-23T21:18:37+00:00","breadcrumb":{"@id":"https:\/\/love4tennis.com\/sk\/kristina-kucova-sa-stala-clenkou-akademie-love-4-tennis\/#breadcrumb"},"inLanguage":"sk-SK","potentialAction":[{"@type":"ReadAction","target":["https:\/\/love4tennis.com\/sk\/kristina-kucova-sa-stala-clenkou-akademie-love-4-tennis\/"]}]},{"@type":"BreadcrumbList","@id":"https:\/\/love4tennis.com\/sk\/kristina-kucova-sa-stala-clenkou-akademie-love-4-tennis\/#breadcrumb","itemListElement":[{"@type":"ListItem","position":1,"name":"Dom\u00e1ca str\u00e1nka","item":"https:\/\/love4tennis.com\/sk\/"},{"@type":"ListItem","position":2,"name":"Krist\u00edna Ku\u010dov\u00e1 sa stala \u010dlenkou Akad\u00e9mie LOVE 4 TENNIS"}]},{"@type":"WebSite","@id":"https:\/\/love4tennis.com\/#website","url":"https:\/\/love4tennis.com\/","name":"L4T","description":"","publisher":{"@id":"https:\/\/love4tennis.com\/#organization"},"potentialAction":[{"@type":"SearchAction","target":{"@type":"EntryPoint","urlTemplate":"https:\/\/love4tennis.com\/?s={search_term_string}"},"query-input":"required name=search_term_string"}],"inLanguage":"sk-SK"},{"@type":"Organization","@id":"https:\/\/love4tennis.com\/#organization","name":"Love4Tennis Academy","url":"https:\/\/love4tennis.com\/","logo":{"@type":"ImageObject","inLanguage":"sk-SK","@id":"https:\/\/love4tennis.com\/#\/schema\/logo\/image\/","url":"https:\/\/love4tennis.com\/wp-content\/uploads\/2018\/10\/logo_love4tennis.jpg","contentUrl":"https:\/\/love4tennis.com\/wp-content\/uploads\/2018\/10\/logo_love4tennis.jpg","width":608,"height":315,"caption":"Love4Tennis Academy"},"image":{"@id":"https:\/\/love4tennis.com\/#\/schema\/logo\/image\/"},"sameAs":["https:\/\/www.facebook.com\/TKLOVE4TENNIS\/"]},{"@type":"Person","@id":"https:\/\/love4tennis.com\/#\/schema\/person\/9859539f42bab3c6e6164a47e24e2f9d","name":"l4tAdmin","url":"https:\/\/love4tennis.com\/sk\/author\/l4tAdmin\/"}]}},"_links":{"self":[{"href":"https:\/\/love4tennis.com\/sk\/wp-json\/wp\/v2\/posts\/6348"}],"collection":[{"href":"https:\/\/love4tennis.com\/sk\/wp-json\/wp\/v2\/posts"}],"about":[{"href":"https:\/\/love4tennis.com\/sk\/wp-json\/wp\/v2\/types\/post"}],"author":[{"embeddable":true,"href":"https:\/\/love4tennis.com\/sk\/wp-json\/wp\/v2\/users\/2"}],"replies":[{"embeddable":true,"href":"https:\/\/love4tennis.com\/sk\/wp-json\/wp\/v2\/comments?post=6348"}],"version-history":[{"count":2,"href":"https:\/\/love4tennis.com\/sk\/wp-json\/wp\/v2\/posts\/6348\/revisions"}],"predecessor-version":[{"id":6494,"href":"https:\/\/love4tennis.com\/sk\/wp-json\/wp\/v2\/posts\/6348\/revisions\/6494"}],"wp:attachment":[{"href":"https:\/\/love4tennis.com\/sk\/wp-json\/wp\/v2\/media?parent=6348"}],"wp:term":[{"taxonomy":"category","embeddable":true,"href":"https:\/\/love4tennis.com\/sk\/wp-json\/wp\/v2\/categories?post=6348"},{"taxonomy":"post_tag","embeddable":true,"href":"https:\/\/love4tennis.com\/sk\/wp-json\/wp\/v2\/tags?post=6348"}],"curies":[{"name":"wp","href":"https:\/\/api.w.org\/{rel}","templated":true}]}}