{"id":6729,"date":"2013-09-06T01:19:24","date_gmt":"2013-09-05T23:19:24","guid":{"rendered":"https:\/\/love4tennis.com\/sk\/?p=6729"},"modified":"2016-05-02T01:22:25","modified_gmt":"2016-05-01T23:22:25","slug":"kalenichenko-partl-vitazmi-stvorhry-v-st-poltene-najtazsie-bolo-semifinale","status":"publish","type":"post","link":"https:\/\/love4tennis.com\/sk\/kalenichenko-partl-vitazmi-stvorhry-v-st-poltene-najtazsie-bolo-semifinale\/","title":{"rendered":"Kalenichenko a Partl v\u00ed\u0165azmi \u0161tvorhry v St. P\u00f6ltene, naj\u0165a\u017e\u0161ie bolo semifin\u00e1le"},"content":{"rendered":"<div class=\"wpb-content-wrapper\"><p>[vc_row][vc_column][vc_column_text]<strong>Premi\u00e9rov\u00e1 spolupr\u00e1ca Danyla Kalenichenka a Adri\u00e1na Partla vy\u0161la na v\u00fdborn\u00fa. Na turnaji kateg\u00f3rie Futures v rak\u00faskom St. P\u00f6ltene z\u00edskali titul vo \u0161tvorhre.<\/strong><\/p>\n<p><em><strong>\u201eHrali sme celkom suver\u00e9nne. Aj ke\u010f sme prehr\u00e1vali, tak sme mali nakoniec navrch. Boli sme sebavedom\u00ed. U\u017e\u00edvali sme si ka\u017ed\u00fd z\u00e1pas,\u201c<\/strong><\/em> hodnotil pre love4tennis.sk Adri\u00e1n, ktor\u00fd ozna\u010dil za naj\u0165a\u017e\u0161\u00ed semifin\u00e1lov\u00fd z\u00e1pas. <em><strong>\u201eV prvom kole sme sa zoznamovali, prv\u00fd set n\u00e1m tro\u0161ku u\u0161iel. Mali sme ve\u013ea brejkbalov a ve\u013ea \u0161anc\u00ed. Mali sme to uhra\u0165 jednozna\u010dnej\u0161ie. V druhom sete to u\u017e bolo jednozna\u010dn\u00e9 &#8211; 6:0, nebolo o \u010dom,\u201c<\/strong> <\/em>hovoril o prvom stretnut\u00ed.<br \/>\nDruh\u00fd z\u00e1pas si dvojica z Akad\u00e9mie LOVE 4 TENNIS chcela len u\u017ei\u0165, hrali proti druh\u00fdm nasaden\u00fdm na turnaji.<em><strong> \u201eKe\u010f sme prehr\u00e1vali lopty, ani n\u00e1s to ve\u013emi netr\u00e1pilo. Hrali sme uvo\u013enene. Pre m\u0148a to bol jeden z najlep\u0161\u00edch z\u00e1pasov \u0161tvorhry, ktor\u00fd som doteraz mal. Bolo v \u0148om v\u0161etko &#8211; volej, servis, hrali sme \u010disto. St\u00e1le sme mali navrch,\u201c<\/strong><\/em> opisoval z\u00e1pas s nemeck\u00fdm p\u00e1rom Krawietz\/Schulz.<br \/>\nV semifin\u00e1le u\u017e Danylo s Adri\u00e1nom prehr\u00e1vali 1:4, Partl mal pod\u013ea svojich slov slab\u0161\u00ed za\u010diatok.<em><strong> \u201eDanylo ma vtedy podr\u017eal. Povzbudil ma, bol som tro\u0161ku sklesnut\u00fd. Vyhecoval ma. Dali sme na 5:4 a prebrali sme iniciat\u00edvu. Vo v\u00fdmen\u00e1ch sme mali navrch. Dostali sme sa do hernej pohody, smiali sme sa na kurte. Druh\u00fd set sme hrali perfektne, podobne ako potom fin\u00e1le. Semifin\u00e1le bolo asi naj\u0165a\u017e\u0161ie,\u201c<\/strong><\/em> povedal Partl.<br \/>\nKalenichenko s Partlom hrali \u0161tvorhru po prv\u00fd raz v kari\u00e9re. <em><strong>\u201eZap\u00edsali sme sa a povedali si, \u017ee ve\u010f uvid\u00edme&#8230; Dopadlo to ako to dopadlo. Sme radi,\u201c<\/strong><\/em> usmial sa Adri\u00e1n. <em><strong>\u201eNa najbli\u017e\u0161\u00ed turnaj do Subotice ideme obaja, ale \u0161tvorhru hra\u0165 spolu nebudeme. Keby som bol vedel, \u017ee to takto dopadne, hral by som aj tam s Danylom.\u201c<\/strong><\/em> Partl tak pridal v tomto roku k dvom titulom zo \u0161tvorhry z turnajov \u00farovne Futures tret\u00ed. Dva triumfy vybojoval s Patrikom Fabianom. <em><strong>\u201ePridalo mi to na sebavedom\u00ed. Po dvojhre som bol sklaman\u00fd a znechuten\u00fd. \u0160tvorhra mi to vynahradila, na turnaj do Subotice idem naplno,\u201c<\/strong><\/em> te\u0161il sa Adri\u00e1n.<br \/>\n<strong>Rak\u00fasko, F10 Futures, dot\u00e1cia 10 000 USD, antuka, vonku<\/strong><br \/>\n<strong>Kalenichenko, Danylo (UKR)\/Partl, Adri\u00e1n (SVK) \u2013<\/strong><br \/>\n1. kolo: Bucewicz, Alex (AUS)\/Kossler, Bernd (AUT) 7-6(0), 6-0<br \/>\n\u0161tvr\u0165fin\u00e1le. kolo: Krawietz, Kevin (GER)\/Schulz, Dominik (GER) [2] 6-4, 6-3<br \/>\nsemifin\u00e1le: El Mihdawy, Adam (USA)\/Ruckelshausen, Richard [3] 7-6(4), 6-3<br \/>\nfin\u00e1le: Agar, Ryan (AUS)\/Bader, Sebastian (AUT) [1] 6-3, 6-2[\/vc_column_text][\/vc_column][\/vc_row][vc_row][vc_column][vc_single_image image=&#8220;6723&#8243; img_size=&#8220;large&#8220;][\/vc_column][\/vc_row]<\/p>\n<\/div>","protected":false},"excerpt":{"rendered":"<p>[vc_row][vc_column][vc_column_text]Premi\u00e9rov\u00e1 spolupr\u00e1ca Danyla Kalenichenka a Adri\u00e1na Partla vy\u0161la na v\u00fdborn\u00fa. Na turnaji kateg\u00f3rie Futures v rak\u00faskom St. P\u00f6ltene z\u00edskali titul vo \u0161tvorhre. \u201eHrali sme celkom suver\u00e9nne. Aj ke\u010f sme prehr\u00e1vali, [&hellip;]<\/p>\n","protected":false},"author":2,"featured_media":0,"comment_status":"open","ping_status":"open","sticky":false,"template":"","format":"standard","meta":{"footnotes":""},"categories":[86],"tags":[169,167,138,126],"class_list":["post-6729","post","type-post","status-publish","format-standard","hentry","category-zivot-akademie","tag-deblovy-titul","tag-adrian-partl","tag-futures","tag-danylo-kalenichenko-sk"],"featured_image_src":{"landsacpe":false,"list":false,"medium":false,"full":false},"yoast_head":"<!-- This site is optimized with the Yoast SEO plugin v23.1 - https:\/\/yoast.com\/wordpress\/plugins\/seo\/ -->\n<title>Kalenichenko a Partl v\u00ed\u0165azmi \u0161tvorhry v St. P\u00f6ltene, naj\u0165a\u017e\u0161ie bolo semifin\u00e1le | L4T<\/title>\n<meta name=\"robots\" content=\"index, follow, max-snippet:-1, max-image-preview:large, max-video-preview:-1\" \/>\n<link rel=\"canonical\" href=\"https:\/\/love4tennis.com\/sk\/kalenichenko-partl-vitazmi-stvorhry-v-st-poltene-najtazsie-bolo-semifinale\/\" \/>\n<meta property=\"og:locale\" content=\"sk_SK\" \/>\n<meta property=\"og:type\" content=\"article\" \/>\n<meta property=\"og:title\" content=\"Kalenichenko a Partl v\u00ed\u0165azmi \u0161tvorhry v St. P\u00f6ltene, naj\u0165a\u017e\u0161ie bolo semifin\u00e1le | L4T\" \/>\n<meta property=\"og:description\" content=\"[vc_row][vc_column][vc_column_text]Premi\u00e9rov\u00e1 spolupr\u00e1ca Danyla Kalenichenka a Adri\u00e1na Partla vy\u0161la na v\u00fdborn\u00fa. Na turnaji kateg\u00f3rie Futures v rak\u00faskom St. P\u00f6ltene z\u00edskali titul vo \u0161tvorhre. \u201eHrali sme celkom suver\u00e9nne. Aj ke\u010f sme prehr\u00e1vali, [&hellip;]\" \/>\n<meta property=\"og:url\" content=\"https:\/\/love4tennis.com\/sk\/kalenichenko-partl-vitazmi-stvorhry-v-st-poltene-najtazsie-bolo-semifinale\/\" \/>\n<meta property=\"og:site_name\" content=\"L4T\" \/>\n<meta property=\"article:publisher\" content=\"https:\/\/www.facebook.com\/TKLOVE4TENNIS\/\" \/>\n<meta property=\"article:published_time\" content=\"2013-09-05T23:19:24+00:00\" \/>\n<meta property=\"article:modified_time\" content=\"2016-05-01T23:22:25+00:00\" \/>\n<meta name=\"author\" content=\"l4tAdmin\" \/>\n<meta name=\"twitter:card\" content=\"summary_large_image\" \/>\n<meta name=\"twitter:label1\" content=\"Autor\" \/>\n\t<meta name=\"twitter:data1\" content=\"l4tAdmin\" \/>\n\t<meta name=\"twitter:label2\" content=\"Predpokladan\u00fd \u010das \u010d\u00edtania\" \/>\n\t<meta name=\"twitter:data2\" content=\"2 min\u00faty\" \/>\n<script type=\"application\/ld+json\" class=\"yoast-schema-graph\">{\"@context\":\"https:\/\/schema.org\",\"@graph\":[{\"@type\":\"Article\",\"@id\":\"https:\/\/love4tennis.com\/sk\/kalenichenko-partl-vitazmi-stvorhry-v-st-poltene-najtazsie-bolo-semifinale\/#article\",\"isPartOf\":{\"@id\":\"https:\/\/love4tennis.com\/sk\/kalenichenko-partl-vitazmi-stvorhry-v-st-poltene-najtazsie-bolo-semifinale\/\"},\"author\":{\"name\":\"l4tAdmin\",\"@id\":\"https:\/\/love4tennis.com\/#\/schema\/person\/9859539f42bab3c6e6164a47e24e2f9d\"},\"headline\":\"Kalenichenko a Partl v\u00ed\u0165azmi \u0161tvorhry v St. P\u00f6ltene, naj\u0165a\u017e\u0161ie bolo semifin\u00e1le\",\"datePublished\":\"2013-09-05T23:19:24+00:00\",\"dateModified\":\"2016-05-01T23:22:25+00:00\",\"mainEntityOfPage\":{\"@id\":\"https:\/\/love4tennis.com\/sk\/kalenichenko-partl-vitazmi-stvorhry-v-st-poltene-najtazsie-bolo-semifinale\/\"},\"wordCount\":490,\"commentCount\":0,\"publisher\":{\"@id\":\"https:\/\/love4tennis.com\/#organization\"},\"keywords\":[\"deblov\u00fd titul\",\"Adrian Partl\",\"Futures\",\"Danylo Kalenichenko\"],\"articleSection\":[\"\u017divot akad\u00e9mie\"],\"inLanguage\":\"sk-SK\",\"potentialAction\":[{\"@type\":\"CommentAction\",\"name\":\"Comment\",\"target\":[\"https:\/\/love4tennis.com\/sk\/kalenichenko-partl-vitazmi-stvorhry-v-st-poltene-najtazsie-bolo-semifinale\/#respond\"]}]},{\"@type\":\"WebPage\",\"@id\":\"https:\/\/love4tennis.com\/sk\/kalenichenko-partl-vitazmi-stvorhry-v-st-poltene-najtazsie-bolo-semifinale\/\",\"url\":\"https:\/\/love4tennis.com\/sk\/kalenichenko-partl-vitazmi-stvorhry-v-st-poltene-najtazsie-bolo-semifinale\/\",\"name\":\"Kalenichenko a Partl v\u00ed\u0165azmi \u0161tvorhry v St. P\u00f6ltene, naj\u0165a\u017e\u0161ie bolo semifin\u00e1le | L4T\",\"isPartOf\":{\"@id\":\"https:\/\/love4tennis.com\/#website\"},\"datePublished\":\"2013-09-05T23:19:24+00:00\",\"dateModified\":\"2016-05-01T23:22:25+00:00\",\"breadcrumb\":{\"@id\":\"https:\/\/love4tennis.com\/sk\/kalenichenko-partl-vitazmi-stvorhry-v-st-poltene-najtazsie-bolo-semifinale\/#breadcrumb\"},\"inLanguage\":\"sk-SK\",\"potentialAction\":[{\"@type\":\"ReadAction\",\"target\":[\"https:\/\/love4tennis.com\/sk\/kalenichenko-partl-vitazmi-stvorhry-v-st-poltene-najtazsie-bolo-semifinale\/\"]}]},{\"@type\":\"BreadcrumbList\",\"@id\":\"https:\/\/love4tennis.com\/sk\/kalenichenko-partl-vitazmi-stvorhry-v-st-poltene-najtazsie-bolo-semifinale\/#breadcrumb\",\"itemListElement\":[{\"@type\":\"ListItem\",\"position\":1,\"name\":\"Dom\u00e1ca str\u00e1nka\",\"item\":\"https:\/\/love4tennis.com\/sk\/\"},{\"@type\":\"ListItem\",\"position\":2,\"name\":\"Kalenichenko a Partl v\u00ed\u0165azmi \u0161tvorhry v St. P\u00f6ltene, naj\u0165a\u017e\u0161ie bolo semifin\u00e1le\"}]},{\"@type\":\"WebSite\",\"@id\":\"https:\/\/love4tennis.com\/#website\",\"url\":\"https:\/\/love4tennis.com\/\",\"name\":\"L4T\",\"description\":\"\",\"publisher\":{\"@id\":\"https:\/\/love4tennis.com\/#organization\"},\"potentialAction\":[{\"@type\":\"SearchAction\",\"target\":{\"@type\":\"EntryPoint\",\"urlTemplate\":\"https:\/\/love4tennis.com\/?s={search_term_string}\"},\"query-input\":\"required name=search_term_string\"}],\"inLanguage\":\"sk-SK\"},{\"@type\":\"Organization\",\"@id\":\"https:\/\/love4tennis.com\/#organization\",\"name\":\"Love4Tennis Academy\",\"url\":\"https:\/\/love4tennis.com\/\",\"logo\":{\"@type\":\"ImageObject\",\"inLanguage\":\"sk-SK\",\"@id\":\"https:\/\/love4tennis.com\/#\/schema\/logo\/image\/\",\"url\":\"https:\/\/love4tennis.com\/wp-content\/uploads\/2018\/10\/logo_love4tennis.jpg\",\"contentUrl\":\"https:\/\/love4tennis.com\/wp-content\/uploads\/2018\/10\/logo_love4tennis.jpg\",\"width\":608,\"height\":315,\"caption\":\"Love4Tennis Academy\"},\"image\":{\"@id\":\"https:\/\/love4tennis.com\/#\/schema\/logo\/image\/\"},\"sameAs\":[\"https:\/\/www.facebook.com\/TKLOVE4TENNIS\/\"]},{\"@type\":\"Person\",\"@id\":\"https:\/\/love4tennis.com\/#\/schema\/person\/9859539f42bab3c6e6164a47e24e2f9d\",\"name\":\"l4tAdmin\",\"url\":\"https:\/\/love4tennis.com\/sk\/author\/l4tAdmin\/\"}]}<\/script>\n<!-- \/ Yoast SEO plugin. -->","yoast_head_json":{"title":"Kalenichenko a Partl v\u00ed\u0165azmi \u0161tvorhry v St. P\u00f6ltene, naj\u0165a\u017e\u0161ie bolo semifin\u00e1le | L4T","robots":{"index":"index","follow":"follow","max-snippet":"max-snippet:-1","max-image-preview":"max-image-preview:large","max-video-preview":"max-video-preview:-1"},"canonical":"https:\/\/love4tennis.com\/sk\/kalenichenko-partl-vitazmi-stvorhry-v-st-poltene-najtazsie-bolo-semifinale\/","og_locale":"sk_SK","og_type":"article","og_title":"Kalenichenko a Partl v\u00ed\u0165azmi \u0161tvorhry v St. P\u00f6ltene, naj\u0165a\u017e\u0161ie bolo semifin\u00e1le | L4T","og_description":"[vc_row][vc_column][vc_column_text]Premi\u00e9rov\u00e1 spolupr\u00e1ca Danyla Kalenichenka a Adri\u00e1na Partla vy\u0161la na v\u00fdborn\u00fa. Na turnaji kateg\u00f3rie Futures v rak\u00faskom St. P\u00f6ltene z\u00edskali titul vo \u0161tvorhre. \u201eHrali sme celkom suver\u00e9nne. Aj ke\u010f sme prehr\u00e1vali, [&hellip;]","og_url":"https:\/\/love4tennis.com\/sk\/kalenichenko-partl-vitazmi-stvorhry-v-st-poltene-najtazsie-bolo-semifinale\/","og_site_name":"L4T","article_publisher":"https:\/\/www.facebook.com\/TKLOVE4TENNIS\/","article_published_time":"2013-09-05T23:19:24+00:00","article_modified_time":"2016-05-01T23:22:25+00:00","author":"l4tAdmin","twitter_card":"summary_large_image","twitter_misc":{"Autor":"l4tAdmin","Predpokladan\u00fd \u010das \u010d\u00edtania":"2 min\u00faty"},"schema":{"@context":"https:\/\/schema.org","@graph":[{"@type":"Article","@id":"https:\/\/love4tennis.com\/sk\/kalenichenko-partl-vitazmi-stvorhry-v-st-poltene-najtazsie-bolo-semifinale\/#article","isPartOf":{"@id":"https:\/\/love4tennis.com\/sk\/kalenichenko-partl-vitazmi-stvorhry-v-st-poltene-najtazsie-bolo-semifinale\/"},"author":{"name":"l4tAdmin","@id":"https:\/\/love4tennis.com\/#\/schema\/person\/9859539f42bab3c6e6164a47e24e2f9d"},"headline":"Kalenichenko a Partl v\u00ed\u0165azmi \u0161tvorhry v St. P\u00f6ltene, naj\u0165a\u017e\u0161ie bolo semifin\u00e1le","datePublished":"2013-09-05T23:19:24+00:00","dateModified":"2016-05-01T23:22:25+00:00","mainEntityOfPage":{"@id":"https:\/\/love4tennis.com\/sk\/kalenichenko-partl-vitazmi-stvorhry-v-st-poltene-najtazsie-bolo-semifinale\/"},"wordCount":490,"commentCount":0,"publisher":{"@id":"https:\/\/love4tennis.com\/#organization"},"keywords":["deblov\u00fd titul","Adrian Partl","Futures","Danylo Kalenichenko"],"articleSection":["\u017divot akad\u00e9mie"],"inLanguage":"sk-SK","potentialAction":[{"@type":"CommentAction","name":"Comment","target":["https:\/\/love4tennis.com\/sk\/kalenichenko-partl-vitazmi-stvorhry-v-st-poltene-najtazsie-bolo-semifinale\/#respond"]}]},{"@type":"WebPage","@id":"https:\/\/love4tennis.com\/sk\/kalenichenko-partl-vitazmi-stvorhry-v-st-poltene-najtazsie-bolo-semifinale\/","url":"https:\/\/love4tennis.com\/sk\/kalenichenko-partl-vitazmi-stvorhry-v-st-poltene-najtazsie-bolo-semifinale\/","name":"Kalenichenko a Partl v\u00ed\u0165azmi \u0161tvorhry v St. P\u00f6ltene, naj\u0165a\u017e\u0161ie bolo semifin\u00e1le | L4T","isPartOf":{"@id":"https:\/\/love4tennis.com\/#website"},"datePublished":"2013-09-05T23:19:24+00:00","dateModified":"2016-05-01T23:22:25+00:00","breadcrumb":{"@id":"https:\/\/love4tennis.com\/sk\/kalenichenko-partl-vitazmi-stvorhry-v-st-poltene-najtazsie-bolo-semifinale\/#breadcrumb"},"inLanguage":"sk-SK","potentialAction":[{"@type":"ReadAction","target":["https:\/\/love4tennis.com\/sk\/kalenichenko-partl-vitazmi-stvorhry-v-st-poltene-najtazsie-bolo-semifinale\/"]}]},{"@type":"BreadcrumbList","@id":"https:\/\/love4tennis.com\/sk\/kalenichenko-partl-vitazmi-stvorhry-v-st-poltene-najtazsie-bolo-semifinale\/#breadcrumb","itemListElement":[{"@type":"ListItem","position":1,"name":"Dom\u00e1ca str\u00e1nka","item":"https:\/\/love4tennis.com\/sk\/"},{"@type":"ListItem","position":2,"name":"Kalenichenko a Partl v\u00ed\u0165azmi \u0161tvorhry v St. P\u00f6ltene, naj\u0165a\u017e\u0161ie bolo semifin\u00e1le"}]},{"@type":"WebSite","@id":"https:\/\/love4tennis.com\/#website","url":"https:\/\/love4tennis.com\/","name":"L4T","description":"","publisher":{"@id":"https:\/\/love4tennis.com\/#organization"},"potentialAction":[{"@type":"SearchAction","target":{"@type":"EntryPoint","urlTemplate":"https:\/\/love4tennis.com\/?s={search_term_string}"},"query-input":"required name=search_term_string"}],"inLanguage":"sk-SK"},{"@type":"Organization","@id":"https:\/\/love4tennis.com\/#organization","name":"Love4Tennis Academy","url":"https:\/\/love4tennis.com\/","logo":{"@type":"ImageObject","inLanguage":"sk-SK","@id":"https:\/\/love4tennis.com\/#\/schema\/logo\/image\/","url":"https:\/\/love4tennis.com\/wp-content\/uploads\/2018\/10\/logo_love4tennis.jpg","contentUrl":"https:\/\/love4tennis.com\/wp-content\/uploads\/2018\/10\/logo_love4tennis.jpg","width":608,"height":315,"caption":"Love4Tennis Academy"},"image":{"@id":"https:\/\/love4tennis.com\/#\/schema\/logo\/image\/"},"sameAs":["https:\/\/www.facebook.com\/TKLOVE4TENNIS\/"]},{"@type":"Person","@id":"https:\/\/love4tennis.com\/#\/schema\/person\/9859539f42bab3c6e6164a47e24e2f9d","name":"l4tAdmin","url":"https:\/\/love4tennis.com\/sk\/author\/l4tAdmin\/"}]}},"_links":{"self":[{"href":"https:\/\/love4tennis.com\/sk\/wp-json\/wp\/v2\/posts\/6729"}],"collection":[{"href":"https:\/\/love4tennis.com\/sk\/wp-json\/wp\/v2\/posts"}],"about":[{"href":"https:\/\/love4tennis.com\/sk\/wp-json\/wp\/v2\/types\/post"}],"author":[{"embeddable":true,"href":"https:\/\/love4tennis.com\/sk\/wp-json\/wp\/v2\/users\/2"}],"replies":[{"embeddable":true,"href":"https:\/\/love4tennis.com\/sk\/wp-json\/wp\/v2\/comments?post=6729"}],"version-history":[{"count":1,"href":"https:\/\/love4tennis.com\/sk\/wp-json\/wp\/v2\/posts\/6729\/revisions"}],"predecessor-version":[{"id":6730,"href":"https:\/\/love4tennis.com\/sk\/wp-json\/wp\/v2\/posts\/6729\/revisions\/6730"}],"wp:attachment":[{"href":"https:\/\/love4tennis.com\/sk\/wp-json\/wp\/v2\/media?parent=6729"}],"wp:term":[{"taxonomy":"category","embeddable":true,"href":"https:\/\/love4tennis.com\/sk\/wp-json\/wp\/v2\/categories?post=6729"},{"taxonomy":"post_tag","embeddable":true,"href":"https:\/\/love4tennis.com\/sk\/wp-json\/wp\/v2\/tags?post=6729"}],"curies":[{"name":"wp","href":"https:\/\/api.w.org\/{rel}","templated":true}]}}