{"id":7069,"date":"2016-07-31T11:13:16","date_gmt":"2016-07-31T09:13:16","guid":{"rendered":"https:\/\/love4tennis.com\/sk\/?p=7069"},"modified":"2016-08-01T11:17:39","modified_gmt":"2016-08-01T09:17:39","slug":"vyborni-ignatik-aj-marcenko-boli-vo-finale-challengerov-v-prahe-segovii","status":"publish","type":"post","link":"https:\/\/love4tennis.com\/sk\/vyborni-ignatik-aj-marcenko-boli-vo-finale-challengerov-v-prahe-segovii\/","title":{"rendered":"V\u00fdborn\u00ed Ignatik aj Mar\u010denko, boli vo fin\u00e1le challengerov v Prahe a Segovii"},"content":{"rendered":"<div class=\"wpb-content-wrapper\"><p>[vc_row][vc_column][vc_column_text]<strong>Vydaren\u00fd t\u00fd\u017ede\u0148 maj\u00fa za sebou dvaja \u010dlenovia Akad\u00e9mie LOVE 4 TENNIS. Uladzimir Ignatik (26) sa te\u0161il z fin\u00e1lovej \u00fa\u010dasti na challengerovom turnaji ADVANTAGE CARS PRAGUE OPEN 2016 by ZENOVA v Prahe, I\u013eja Mar\u010denko (28) dosiahol rovnak\u00fd \u00faspech na podujat\u00ed Open Castilla y Leon Villa de El Espinar v \u0161panielskej Segovii.<\/strong><\/p>\n<p>Uladzimir Ignatik, zverenec J\u00e1na Stan\u010d\u00edka, pon\u00fakol so s\u00faperom vo fin\u00e1le v da\u017edivom po\u010dasi v Prahe oku lahodiaci tenis a o triumfe rozhodol Juhoameri\u010dan a\u017e v tajbrejku tretieho setu &#8211; 6:4, 3:6, 7:6. Ignatik vst\u00fapil do z\u00e1pasu dobre, viedol 3:0. Potom sa v\u0161ak Giraldo vyrovnal s podmienkami aj hrou s\u00fapera a prv\u00e9 dejstvo vyhral 6:4. Ignatik za\u010dal podobne aj v druhom sete, ktor\u00fd v\u0161ak z\u00edskal.<br \/>\nV koncovke kr\u00e1sneho s\u00faboja Kolumbij\u010dan\u00a0 viedol 5:2, ale neudr\u017eal to \u2013 5:5. Rozhodla a\u017e skr\u00e1ten\u00e1 hra, ktor\u00fa u\u017e \u0161iesty nasaden\u00fd hr\u00e1\u010d nepustil z r\u00fak. Ignatik teda zatia\u013e nepridal \u0161tvrt\u00fd challengerov\u00fd titul v kari\u00e9re. <em><strong>\u201eS\u00faper to dnes zvl\u00e1dol lep\u0161ie. R\u00e1d by som v\u0161ak pokra\u010doval v tak\u00fdchto v\u00fdsledkoch, bol to vydaren\u00fd t\u00fd\u017ede\u0148,\u201c<\/strong><\/em> hovoril Ignatik, ktor\u00fd posko\u010dil v rebr\u00ed\u010dku ATP o 46 prie\u010dok. <strong>Od pondelka je 246. hr\u00e1\u010d sveta.<\/strong><\/p>\n<h3>Osobn\u00fd rekord Mar\u010denka v rebr\u00ed\u010dka<\/h3>\n<p>28-ro\u010dn\u00fd Mar\u010denko, zverenec Tibora T\u00f3tha, pokra\u010doval v \u0160panielsku v kvalitn\u00fdch v\u00fdkonoch z challengera v talianskom Recanati, kde minul\u00fd t\u00fd\u017ede\u0148 z\u00edskal titul. Teraz mu tesne u\u0161iel, na \u0161iesty challengerov\u00fd si e\u0161te mus\u00ed po\u010dka\u0165. <strong>Napriek tomu sa ocitol v novom vydan\u00ed rebr\u00ed\u010dka ATP na 64. mieste, \u010do je jeho nov\u00e9 kari\u00e9rne maximum. Zlep\u0161il si ho o tri prie\u010dky.<\/strong><br \/>\nTeraz ho \u010dak\u00e1 \u00fa\u010das\u0165 na olympi\u00e1de v Riu, kde reprezentuje Ukrajinu.<\/p>\n<p><strong>Praha, \u010cesk\u00e1 republika, ADVANTAGE CARS PRAGUE OPEN 2016 by ZENOVA, ATP Challenger, 42 500 \u20ac, antuka, vonku: <\/strong><br \/>\n<strong>Uladzimir IGNATIK (BLR)<\/strong><br \/>\n1. kolo: Igor ZELENAY (SVK) [Q] 6-3 6-2<br \/>\n2. kolo: Lorenzo GIUSTINO (ITA) 6-7(4) 6-3 7-6(3)<br \/>\n\u0160tvr\u0165fin\u00e1le: Blaz ROLA (SLO) 6-4 7-6(3)<br \/>\nSemifin\u00e1le: Radu ALBOT (MDA) [2] 6-1 6-2<br \/>\nFin\u00e1le: Santiago GIRALDO (COL) [6] 4-6 6-3 6-7(2)<\/p>\n<p><strong>Segovia, \u0160panielsko, Open Castilla y Leon Villa de El Espinar, ATP Challenger, 64 000 \u20ac, tvrd\u00fd povrch, vonku:<\/strong><br \/>\n<strong>I\u013eja Mar\u010denko (UKR) [3]<\/strong><br \/>\n1. kolo: Alex DE MINAUR (AUS) [Q] 6-4 6-4<br \/>\n2. kolo: Ruben BEMELMANS (BEL) 6-3 6-4<br \/>\n\u0160tvr\u0165fin\u00e1le: Kenny DE SCHEPPER (FRA) [7] 7-5 6-4<br \/>\nSemifin\u00e1le: Marton FUCSOVICS (HUN) [8] 6-3 6-4<br \/>\nFin\u00e1le: Luca VANNI (ITA) 4-6 6-3 3-6<\/p>\n<p>PHOTOS: Facebook[\/vc_column_text][\/vc_column][\/vc_row][vc_row][vc_column][vc_single_image image=&#8220;7070&#8243; img_size=&#8220;large&#8220;][\/vc_column][\/vc_row][vc_row][vc_column][\/vc_column][\/vc_row][vc_row][vc_column][vc_single_image image=&#8220;7071&#8243; img_size=&#8220;large&#8220; label=&#8220;&#8220;][\/vc_column][\/vc_row]<\/p>\n<\/div>","protected":false},"excerpt":{"rendered":"<p>[vc_row][vc_column][vc_column_text]Vydaren\u00fd t\u00fd\u017ede\u0148 maj\u00fa za sebou dvaja \u010dlenovia Akad\u00e9mie LOVE 4 TENNIS. Uladzimir Ignatik (26) sa te\u0161il z fin\u00e1lovej \u00fa\u010dasti na challengerovom turnaji ADVANTAGE CARS PRAGUE OPEN 2016 by ZENOVA v [&hellip;]<\/p>\n","protected":false},"author":2,"featured_media":0,"comment_status":"open","ping_status":"open","sticky":false,"template":"","format":"standard","meta":{"footnotes":""},"categories":[86],"tags":[],"class_list":["post-7069","post","type-post","status-publish","format-standard","hentry","category-zivot-akademie"],"featured_image_src":{"landsacpe":false,"list":false,"medium":false,"full":false},"yoast_head":"<!-- This site is optimized with the Yoast SEO plugin v23.1 - https:\/\/yoast.com\/wordpress\/plugins\/seo\/ -->\n<title>V\u00fdborn\u00ed Ignatik aj Mar\u010denko, boli vo fin\u00e1le challengerov v Prahe a Segovii | L4T<\/title>\n<meta name=\"robots\" content=\"index, follow, max-snippet:-1, max-image-preview:large, max-video-preview:-1\" \/>\n<link rel=\"canonical\" href=\"https:\/\/love4tennis.com\/sk\/vyborni-ignatik-aj-marcenko-boli-vo-finale-challengerov-v-prahe-segovii\/\" \/>\n<meta property=\"og:locale\" content=\"sk_SK\" \/>\n<meta property=\"og:type\" content=\"article\" \/>\n<meta property=\"og:title\" content=\"V\u00fdborn\u00ed Ignatik aj Mar\u010denko, boli vo fin\u00e1le challengerov v Prahe a Segovii | L4T\" \/>\n<meta property=\"og:description\" content=\"[vc_row][vc_column][vc_column_text]Vydaren\u00fd t\u00fd\u017ede\u0148 maj\u00fa za sebou dvaja \u010dlenovia Akad\u00e9mie LOVE 4 TENNIS. Uladzimir Ignatik (26) sa te\u0161il z fin\u00e1lovej \u00fa\u010dasti na challengerovom turnaji ADVANTAGE CARS PRAGUE OPEN 2016 by ZENOVA v [&hellip;]\" \/>\n<meta property=\"og:url\" content=\"https:\/\/love4tennis.com\/sk\/vyborni-ignatik-aj-marcenko-boli-vo-finale-challengerov-v-prahe-segovii\/\" \/>\n<meta property=\"og:site_name\" content=\"L4T\" \/>\n<meta property=\"article:publisher\" content=\"https:\/\/www.facebook.com\/TKLOVE4TENNIS\/\" \/>\n<meta property=\"article:published_time\" content=\"2016-07-31T09:13:16+00:00\" \/>\n<meta property=\"article:modified_time\" content=\"2016-08-01T09:17:39+00:00\" \/>\n<meta name=\"author\" content=\"l4tAdmin\" \/>\n<meta name=\"twitter:card\" content=\"summary_large_image\" \/>\n<meta name=\"twitter:label1\" content=\"Autor\" \/>\n\t<meta name=\"twitter:data1\" content=\"l4tAdmin\" \/>\n\t<meta name=\"twitter:label2\" content=\"Predpokladan\u00fd \u010das \u010d\u00edtania\" \/>\n\t<meta name=\"twitter:data2\" content=\"2 min\u00faty\" \/>\n<script type=\"application\/ld+json\" class=\"yoast-schema-graph\">{\"@context\":\"https:\/\/schema.org\",\"@graph\":[{\"@type\":\"Article\",\"@id\":\"https:\/\/love4tennis.com\/sk\/vyborni-ignatik-aj-marcenko-boli-vo-finale-challengerov-v-prahe-segovii\/#article\",\"isPartOf\":{\"@id\":\"https:\/\/love4tennis.com\/sk\/vyborni-ignatik-aj-marcenko-boli-vo-finale-challengerov-v-prahe-segovii\/\"},\"author\":{\"name\":\"l4tAdmin\",\"@id\":\"https:\/\/love4tennis.com\/#\/schema\/person\/9859539f42bab3c6e6164a47e24e2f9d\"},\"headline\":\"V\u00fdborn\u00ed Ignatik aj Mar\u010denko, boli vo fin\u00e1le challengerov v Prahe a Segovii\",\"datePublished\":\"2016-07-31T09:13:16+00:00\",\"dateModified\":\"2016-08-01T09:17:39+00:00\",\"mainEntityOfPage\":{\"@id\":\"https:\/\/love4tennis.com\/sk\/vyborni-ignatik-aj-marcenko-boli-vo-finale-challengerov-v-prahe-segovii\/\"},\"wordCount\":476,\"commentCount\":0,\"publisher\":{\"@id\":\"https:\/\/love4tennis.com\/#organization\"},\"articleSection\":[\"\u017divot akad\u00e9mie\"],\"inLanguage\":\"sk-SK\",\"potentialAction\":[{\"@type\":\"CommentAction\",\"name\":\"Comment\",\"target\":[\"https:\/\/love4tennis.com\/sk\/vyborni-ignatik-aj-marcenko-boli-vo-finale-challengerov-v-prahe-segovii\/#respond\"]}]},{\"@type\":\"WebPage\",\"@id\":\"https:\/\/love4tennis.com\/sk\/vyborni-ignatik-aj-marcenko-boli-vo-finale-challengerov-v-prahe-segovii\/\",\"url\":\"https:\/\/love4tennis.com\/sk\/vyborni-ignatik-aj-marcenko-boli-vo-finale-challengerov-v-prahe-segovii\/\",\"name\":\"V\u00fdborn\u00ed Ignatik aj Mar\u010denko, boli vo fin\u00e1le challengerov v Prahe a Segovii | L4T\",\"isPartOf\":{\"@id\":\"https:\/\/love4tennis.com\/#website\"},\"datePublished\":\"2016-07-31T09:13:16+00:00\",\"dateModified\":\"2016-08-01T09:17:39+00:00\",\"breadcrumb\":{\"@id\":\"https:\/\/love4tennis.com\/sk\/vyborni-ignatik-aj-marcenko-boli-vo-finale-challengerov-v-prahe-segovii\/#breadcrumb\"},\"inLanguage\":\"sk-SK\",\"potentialAction\":[{\"@type\":\"ReadAction\",\"target\":[\"https:\/\/love4tennis.com\/sk\/vyborni-ignatik-aj-marcenko-boli-vo-finale-challengerov-v-prahe-segovii\/\"]}]},{\"@type\":\"BreadcrumbList\",\"@id\":\"https:\/\/love4tennis.com\/sk\/vyborni-ignatik-aj-marcenko-boli-vo-finale-challengerov-v-prahe-segovii\/#breadcrumb\",\"itemListElement\":[{\"@type\":\"ListItem\",\"position\":1,\"name\":\"Dom\u00e1ca str\u00e1nka\",\"item\":\"https:\/\/love4tennis.com\/sk\/\"},{\"@type\":\"ListItem\",\"position\":2,\"name\":\"V\u00fdborn\u00ed Ignatik aj Mar\u010denko, boli vo fin\u00e1le challengerov v Prahe a Segovii\"}]},{\"@type\":\"WebSite\",\"@id\":\"https:\/\/love4tennis.com\/#website\",\"url\":\"https:\/\/love4tennis.com\/\",\"name\":\"L4T\",\"description\":\"\",\"publisher\":{\"@id\":\"https:\/\/love4tennis.com\/#organization\"},\"potentialAction\":[{\"@type\":\"SearchAction\",\"target\":{\"@type\":\"EntryPoint\",\"urlTemplate\":\"https:\/\/love4tennis.com\/?s={search_term_string}\"},\"query-input\":\"required name=search_term_string\"}],\"inLanguage\":\"sk-SK\"},{\"@type\":\"Organization\",\"@id\":\"https:\/\/love4tennis.com\/#organization\",\"name\":\"Love4Tennis Academy\",\"url\":\"https:\/\/love4tennis.com\/\",\"logo\":{\"@type\":\"ImageObject\",\"inLanguage\":\"sk-SK\",\"@id\":\"https:\/\/love4tennis.com\/#\/schema\/logo\/image\/\",\"url\":\"https:\/\/love4tennis.com\/wp-content\/uploads\/2018\/10\/logo_love4tennis.jpg\",\"contentUrl\":\"https:\/\/love4tennis.com\/wp-content\/uploads\/2018\/10\/logo_love4tennis.jpg\",\"width\":608,\"height\":315,\"caption\":\"Love4Tennis Academy\"},\"image\":{\"@id\":\"https:\/\/love4tennis.com\/#\/schema\/logo\/image\/\"},\"sameAs\":[\"https:\/\/www.facebook.com\/TKLOVE4TENNIS\/\"]},{\"@type\":\"Person\",\"@id\":\"https:\/\/love4tennis.com\/#\/schema\/person\/9859539f42bab3c6e6164a47e24e2f9d\",\"name\":\"l4tAdmin\",\"url\":\"https:\/\/love4tennis.com\/sk\/author\/l4tAdmin\/\"}]}<\/script>\n<!-- \/ Yoast SEO plugin. -->","yoast_head_json":{"title":"V\u00fdborn\u00ed Ignatik aj Mar\u010denko, boli vo fin\u00e1le challengerov v Prahe a Segovii | L4T","robots":{"index":"index","follow":"follow","max-snippet":"max-snippet:-1","max-image-preview":"max-image-preview:large","max-video-preview":"max-video-preview:-1"},"canonical":"https:\/\/love4tennis.com\/sk\/vyborni-ignatik-aj-marcenko-boli-vo-finale-challengerov-v-prahe-segovii\/","og_locale":"sk_SK","og_type":"article","og_title":"V\u00fdborn\u00ed Ignatik aj Mar\u010denko, boli vo fin\u00e1le challengerov v Prahe a Segovii | L4T","og_description":"[vc_row][vc_column][vc_column_text]Vydaren\u00fd t\u00fd\u017ede\u0148 maj\u00fa za sebou dvaja \u010dlenovia Akad\u00e9mie LOVE 4 TENNIS. Uladzimir Ignatik (26) sa te\u0161il z fin\u00e1lovej \u00fa\u010dasti na challengerovom turnaji ADVANTAGE CARS PRAGUE OPEN 2016 by ZENOVA v [&hellip;]","og_url":"https:\/\/love4tennis.com\/sk\/vyborni-ignatik-aj-marcenko-boli-vo-finale-challengerov-v-prahe-segovii\/","og_site_name":"L4T","article_publisher":"https:\/\/www.facebook.com\/TKLOVE4TENNIS\/","article_published_time":"2016-07-31T09:13:16+00:00","article_modified_time":"2016-08-01T09:17:39+00:00","author":"l4tAdmin","twitter_card":"summary_large_image","twitter_misc":{"Autor":"l4tAdmin","Predpokladan\u00fd \u010das \u010d\u00edtania":"2 min\u00faty"},"schema":{"@context":"https:\/\/schema.org","@graph":[{"@type":"Article","@id":"https:\/\/love4tennis.com\/sk\/vyborni-ignatik-aj-marcenko-boli-vo-finale-challengerov-v-prahe-segovii\/#article","isPartOf":{"@id":"https:\/\/love4tennis.com\/sk\/vyborni-ignatik-aj-marcenko-boli-vo-finale-challengerov-v-prahe-segovii\/"},"author":{"name":"l4tAdmin","@id":"https:\/\/love4tennis.com\/#\/schema\/person\/9859539f42bab3c6e6164a47e24e2f9d"},"headline":"V\u00fdborn\u00ed Ignatik aj Mar\u010denko, boli vo fin\u00e1le challengerov v Prahe a Segovii","datePublished":"2016-07-31T09:13:16+00:00","dateModified":"2016-08-01T09:17:39+00:00","mainEntityOfPage":{"@id":"https:\/\/love4tennis.com\/sk\/vyborni-ignatik-aj-marcenko-boli-vo-finale-challengerov-v-prahe-segovii\/"},"wordCount":476,"commentCount":0,"publisher":{"@id":"https:\/\/love4tennis.com\/#organization"},"articleSection":["\u017divot akad\u00e9mie"],"inLanguage":"sk-SK","potentialAction":[{"@type":"CommentAction","name":"Comment","target":["https:\/\/love4tennis.com\/sk\/vyborni-ignatik-aj-marcenko-boli-vo-finale-challengerov-v-prahe-segovii\/#respond"]}]},{"@type":"WebPage","@id":"https:\/\/love4tennis.com\/sk\/vyborni-ignatik-aj-marcenko-boli-vo-finale-challengerov-v-prahe-segovii\/","url":"https:\/\/love4tennis.com\/sk\/vyborni-ignatik-aj-marcenko-boli-vo-finale-challengerov-v-prahe-segovii\/","name":"V\u00fdborn\u00ed Ignatik aj Mar\u010denko, boli vo fin\u00e1le challengerov v Prahe a Segovii | L4T","isPartOf":{"@id":"https:\/\/love4tennis.com\/#website"},"datePublished":"2016-07-31T09:13:16+00:00","dateModified":"2016-08-01T09:17:39+00:00","breadcrumb":{"@id":"https:\/\/love4tennis.com\/sk\/vyborni-ignatik-aj-marcenko-boli-vo-finale-challengerov-v-prahe-segovii\/#breadcrumb"},"inLanguage":"sk-SK","potentialAction":[{"@type":"ReadAction","target":["https:\/\/love4tennis.com\/sk\/vyborni-ignatik-aj-marcenko-boli-vo-finale-challengerov-v-prahe-segovii\/"]}]},{"@type":"BreadcrumbList","@id":"https:\/\/love4tennis.com\/sk\/vyborni-ignatik-aj-marcenko-boli-vo-finale-challengerov-v-prahe-segovii\/#breadcrumb","itemListElement":[{"@type":"ListItem","position":1,"name":"Dom\u00e1ca str\u00e1nka","item":"https:\/\/love4tennis.com\/sk\/"},{"@type":"ListItem","position":2,"name":"V\u00fdborn\u00ed Ignatik aj Mar\u010denko, boli vo fin\u00e1le challengerov v Prahe a Segovii"}]},{"@type":"WebSite","@id":"https:\/\/love4tennis.com\/#website","url":"https:\/\/love4tennis.com\/","name":"L4T","description":"","publisher":{"@id":"https:\/\/love4tennis.com\/#organization"},"potentialAction":[{"@type":"SearchAction","target":{"@type":"EntryPoint","urlTemplate":"https:\/\/love4tennis.com\/?s={search_term_string}"},"query-input":"required name=search_term_string"}],"inLanguage":"sk-SK"},{"@type":"Organization","@id":"https:\/\/love4tennis.com\/#organization","name":"Love4Tennis Academy","url":"https:\/\/love4tennis.com\/","logo":{"@type":"ImageObject","inLanguage":"sk-SK","@id":"https:\/\/love4tennis.com\/#\/schema\/logo\/image\/","url":"https:\/\/love4tennis.com\/wp-content\/uploads\/2018\/10\/logo_love4tennis.jpg","contentUrl":"https:\/\/love4tennis.com\/wp-content\/uploads\/2018\/10\/logo_love4tennis.jpg","width":608,"height":315,"caption":"Love4Tennis Academy"},"image":{"@id":"https:\/\/love4tennis.com\/#\/schema\/logo\/image\/"},"sameAs":["https:\/\/www.facebook.com\/TKLOVE4TENNIS\/"]},{"@type":"Person","@id":"https:\/\/love4tennis.com\/#\/schema\/person\/9859539f42bab3c6e6164a47e24e2f9d","name":"l4tAdmin","url":"https:\/\/love4tennis.com\/sk\/author\/l4tAdmin\/"}]}},"_links":{"self":[{"href":"https:\/\/love4tennis.com\/sk\/wp-json\/wp\/v2\/posts\/7069"}],"collection":[{"href":"https:\/\/love4tennis.com\/sk\/wp-json\/wp\/v2\/posts"}],"about":[{"href":"https:\/\/love4tennis.com\/sk\/wp-json\/wp\/v2\/types\/post"}],"author":[{"embeddable":true,"href":"https:\/\/love4tennis.com\/sk\/wp-json\/wp\/v2\/users\/2"}],"replies":[{"embeddable":true,"href":"https:\/\/love4tennis.com\/sk\/wp-json\/wp\/v2\/comments?post=7069"}],"version-history":[{"count":4,"href":"https:\/\/love4tennis.com\/sk\/wp-json\/wp\/v2\/posts\/7069\/revisions"}],"predecessor-version":[{"id":7075,"href":"https:\/\/love4tennis.com\/sk\/wp-json\/wp\/v2\/posts\/7069\/revisions\/7075"}],"wp:attachment":[{"href":"https:\/\/love4tennis.com\/sk\/wp-json\/wp\/v2\/media?parent=7069"}],"wp:term":[{"taxonomy":"category","embeddable":true,"href":"https:\/\/love4tennis.com\/sk\/wp-json\/wp\/v2\/categories?post=7069"},{"taxonomy":"post_tag","embeddable":true,"href":"https:\/\/love4tennis.com\/sk\/wp-json\/wp\/v2\/tags?post=7069"}],"curies":[{"name":"wp","href":"https:\/\/api.w.org\/{rel}","templated":true}]}}