{"id":9671,"date":"2017-04-07T20:04:43","date_gmt":"2017-04-07T18:04:43","guid":{"rendered":"https:\/\/love4tennis.com\/sk\/?p=9671"},"modified":"2017-04-07T20:20:27","modified_gmt":"2017-04-07T18:20:27","slug":"milos-mecir-ml-problem-s-dnesnymi-detmi-je-v-nas-dospelych","status":"publish","type":"post","link":"https:\/\/love4tennis.com\/sk\/milos-mecir-ml-problem-s-dnesnymi-detmi-je-v-nas-dospelych\/","title":{"rendered":"Milo\u0161 Me\u010d\u00ed\u0159 ml.: \u201eProbl\u00e9m s dne\u0161n\u00fdmi de\u0165mi je v n\u00e1s dospel\u00fdch\u201c"},"content":{"rendered":"<div class=\"wpb-content-wrapper\"><p>[vc_row][vc_column][vc_column_text]<\/p>\n<div id=\"clanok-uvod\">\n<p><strong><span style=\"color: #ff6600;\"><span class=\"clanokBold\">07.04.2017, 19:19<\/span> &#8211;<\/span> BRATISLAVA \u2013 Snom Milo\u0161a Me\u010d\u00ed\u0159a ml. je vychova\u0165 svetov\u00e9ho hr\u00e1\u010da. Syn olympijsk\u00e9ho v\u00ed\u0165aza tr\u00e9nuje v akad\u00e9mii Love 4 Tennis a \u010di sa t\u00fa\u017eba premen\u00ed v skuto\u010dnos\u0165, uk\u00e1\u017ee \u010das.<\/strong><\/p>\n<p>&nbsp;<\/p>\n<\/div>\n<div>\n<div id=\"fblike\" class=\"left equal_height\">\n<div id=\"socialBoxFix-anchor\">\u00a0<strong>Na kurtoch \u0165a u\u017e nev\u00eddame. Zmizol si potichu kv\u00f4li zdravotn\u00fdm probl\u00e9mom, hlavne s chrbtom. Ako si na tom moment\u00e1lne?<\/strong><\/div>\n<\/div>\n<div id=\"clanok-text\" class=\"left equal_height\">\n<p>\u201eZ tenisov\u00fdch kurtov som sa nevytratil. Naopak, tr\u00e1vim na nich viac \u010dasu, ako kedyko\u013evek predt\u00fdm, ale u\u017e len ako tr\u00e9ner. Po zdravotnej str\u00e1nke som na tom dobre. St\u00e1le sa sna\u017e\u00edm okrem kou\u010dovania \u0161portova\u0165, ale u\u017e mi zdravie nedovo\u013euje venova\u0165 sa \u0161portu na profesion\u00e1lnej \u00farovni.\u201c<\/p>\n<p><strong>Federer si dal na pol roka pauzu a teraz ni\u010d\u00ed v\u0161etk\u00fdch konkurentov. Nemotivuje \u0165a to? Neuva\u017euje\u0161 ob\u010das, \u017ee by to predsa len e\u0161te mohlo \u00eds\u0165?<\/strong><\/p>\n<p>\u201eTo, \u010do Federer moment\u00e1lne predv\u00e1dza na dvorcoch, je neuverite\u013en\u00e9 a in\u0161piruj\u00face, ur\u010dite nielen pre m\u0148a. Ja u\u017e, bohu\u017eia\u013e, ak nepo\u010d\u00edtam posledn\u00fa sez\u00f3nu, ke\u010f som odohral iba 7 turnajov, pauzujem 2 roky. Napriek tomu, \u017ee pravidelne bicyklujem, posil\u0148ujem, hr\u00e1m hokej a celkovo sa star\u00e1m o svoje telo, v\u00e4\u010d\u0161ie tenisov\u00e9 za\u0165a\u017eenie st\u00e1le nezvl\u00e1dam. Minul\u00fd rok som odohral 5 z\u00e1pasov nemeckej ligy, z toho dva v bolestiach a jeden som dokonca musel vzda\u0165.\u201c<\/p>\n<p><strong>Od mali\u010dka si v\u00e4\u010d\u0161inu \u010dasu tr\u00e1vil tenisovou pr\u00edpravou a cestovan\u00edm po turnajoch. Zrazu t\u00e1to povinnos\u0165 odpadla. Ako vyu\u017e\u00edva\u0161 \u010das?<\/strong><\/p>\n<p>\u201eVo\u013en\u00e9ho \u010dasu m\u00e1m pribli\u017ene rovnako ako pred t\u00fdm. Tr\u00e9nujem v akad\u00e9mii Love 4 Tennis a to mi zaberie v\u00e4\u010d\u0161inu d\u0148a, tak\u017ee keby ma niekto cez de\u0148 h\u013eadal, zv\u00e4\u010d\u0161a som tam a venujem sa ml\u00e1de\u017en\u00edkom. Jedin\u00fd rozdiel je v tom, \u017ee teraz som viac doma v Bratislave a po robote si n\u00e1jdem viac \u010dasu na spolo\u010densk\u00e9 akcie a veci, ktor\u00e9 m\u00e1m r\u00e1d, najm\u00e4 na kamar\u00e1tov.\u201c<\/p>\n<p><strong>Ako ti tr\u00e9novanie ide? Bav\u00ed \u0165a to? Chcel by si to robi\u0165 aj v bud\u00facnosti?<\/strong><\/p>\n<p>\u201eTo, ako mi ide tr\u00e9novanie, uk\u00e1\u017ee \u010das. Moment\u00e1lne tr\u00e9nujem najm\u00e4 chalanov okolo 15 &#8211; 16 rokov a s nimi si na tr\u00e9ningoch u\u017eijem aj kopu z\u00e1bavy, tak\u017ee ma to bav\u00ed. Zatia\u013e nerozm\u00fd\u0161\u013eam o tom, \u017ee by som robil nie\u010do in\u00e9 ako tr\u00e9novanie.\u201c<\/p>\n<p><strong>\u010casto sa hovor\u00ed o tom, \u017ee dnes ch\u00fdbaj\u00fa talentovan\u00e9 deti, pr\u00edpadne ich je m\u00e1lo. Ke\u010f to teraz sleduje\u0161 z prvej ruky, vn\u00edma\u0161 to podobne?<\/strong><\/p>\n<p>\u201eProbl\u00e9m v tom, \u017ee m\u00e1lo det\u00ed \u0161portuje, by sme mali h\u013eada\u0165 v n\u00e1s dospel\u00fdch. U n\u00e1s v akad\u00e9mii sa sna\u017e\u00edme podpori\u0165 \u0161portovanie det\u00ed napr\u00edklad t\u00fdm, \u017ee sp\u00fa\u0161\u0165ame <a href=\"https:\/\/love4tennis.com\/sk\/rodinne-treningy\/\" target=\"_blank\">program \u201arodinn\u00e9 tr\u00e9ningy\u2018. <\/a>T\u00e1to my\u0161lienka sa mi p\u00e1\u010di, preto\u017ee reaguje na niektor\u00e9 veci, ktor\u00e9 by sme mohli my dospel\u00ed robi\u0165 lep\u0161ie, aby na\u0161e deti \u0161portovali. Ako napr\u00edklad to, \u017ee die\u0165a vid\u00ed rodi\u010da ako svoj najv\u00e4\u010d\u0161\u00ed vzor, \u0161portova\u0165. To, \u017ee rodi\u010dia tr\u00e1via viac \u010dasu s de\u0165mi. Alebo napr\u00edklad to, \u017ee si ve\u013ea rodi\u010dov mo\u017eno uvedom\u00ed, ak\u00fd nam\u00e1hav\u00fd vie by\u0165 \u0161port a \u017ee nie v\u017edy sa d\u00e1 poda\u0165 100-percentn\u00fd v\u00fdkon. Prehnan\u00e1 kritika nielen rodi\u010dov, ale \u010dasto aj tr\u00e9nerov, m\u00e1va za n\u00e1sledok, \u017ee deti kon\u010dia v puberte s tenisom.\u201c<\/p>\n<p><strong>Kv\u00f4li \u010domu je pod\u013ea teba det\u00ed m\u00e1lo? Je to novou \u201epretechnizovanou\u201c dobou, rodi\u010dmi alebo chybami v syst\u00e9me?<\/strong><\/p>\n<p>\u201ePod\u013ea m\u00f4jho n\u00e1zoru n\u00e1m v\u0161ak ch\u00fdbaj\u00fa nielen deti, ale aj hr\u00e1\u010di od 17 do 35 rokov. Mlad\u00ed chalani sa nemaj\u00fa na kom v\u00fdkonnostne potiahnu\u0165. V regener\u00e1cii ani v pr\u00edli\u0161 profesion\u00e1lnom pr\u00edstupe, ako som sa ned\u00e1vno dopo\u010dul, by som chybu ur\u010dite neh\u013eadal. Na Slovensku m\u00e1me v tomto, naopak, e\u0161te ve\u013ea \u010do dobieha\u0165.\u201c<\/p>\n<p><strong>Existuje pod\u013ea teba nejak\u00e9 rie\u0161enie?<\/strong><\/p>\n<p>\u201eRie\u0161enie by som videl asi v tom, aby sme o\u017eivili klubov\u00fd \u017eivot. Aby \u013eudia radi chodili na tenis. Ako napr\u00edklad spom\u00ednan\u00fdmi akciami ako rodinn\u00e9 tr\u00e9ningy. Alebo spolupr\u00e1cou \u0161k\u00f4l a klubov ako v Amerike, kde \u0161portovanie za univerzite prin\u00e1\u0161a benefit v podobe \u0161tipendia. Aby n\u00e1m hr\u00e1\u010di nekon\u010dili v 16 rokoch s tenisom, lebo s\u00fa v klube najlep\u0161\u00ed, ale priepas\u0165 medzi ich v\u00fdkonnos\u0165ou a v\u00fdkonnos\u0165ou profi hr\u00e1\u010dov je demotivuj\u00faco ve\u013ek\u00e1.\u201c<\/p>\n<p><strong>M\u00e1\u0161 e\u0161te nejak\u00fd tenisov\u00fd sen?<\/strong><\/p>\n<p>\u201eSvoje sny som si ako hr\u00e1\u010d viac-menej splnil. Zahral som si aj na ATP turnaji aj na Grand Slame. Ako tr\u00e9ner m\u00e1m, samozrejme, sen vychova\u0165 svetov\u00e9ho hr\u00e1\u010da. Av\u0161ak budem r\u00e1d, aj ke\u010f z chalanov, ktor\u00fdch teraz tr\u00e9nujem, vyrast\u00fa \u201anorm\u00e1lni\u2018 chlapi, ktor\u00ed sa nau\u010dia vyrovna\u0165 sa s prehrou, prekon\u00e1va\u0165 \u017eivotn\u00e9 prek\u00e1\u017eky a nebud\u00fa \u013eutova\u0165, \u017ee hrali tenis aj ke\u010f sa z nich nestan\u00fa profesion\u00e1li.\u201c<\/p>\n<\/div>\n<\/div>\n<p>[\/vc_column_text][\/vc_column][\/vc_row]<\/p>\n<\/div>","protected":false},"excerpt":{"rendered":"<p>[vc_row][vc_column][vc_column_text] 07.04.2017, 19:19 &#8211; BRATISLAVA \u2013 Snom Milo\u0161a Me\u010d\u00ed\u0159a ml. je vychova\u0165 svetov\u00e9ho hr\u00e1\u010da. Syn olympijsk\u00e9ho v\u00ed\u0165aza tr\u00e9nuje v akad\u00e9mii Love 4 Tennis a \u010di sa t\u00fa\u017eba premen\u00ed v skuto\u010dnos\u0165, [&hellip;]<\/p>\n","protected":false},"author":1,"featured_media":9676,"comment_status":"open","ping_status":"open","sticky":false,"template":"","format":"standard","meta":{"footnotes":""},"categories":[73],"tags":[],"class_list":["post-9671","post","type-post","status-publish","format-standard","has-post-thumbnail","hentry","category-vysledky"],"featured_image_src":{"landsacpe":["https:\/\/love4tennis.com\/wp-content\/uploads\/2017\/04\/milos.jpg",600,400,false],"list":["https:\/\/love4tennis.com\/wp-content\/uploads\/2017\/04\/milos-463x348.jpg",463,348,true],"medium":["https:\/\/love4tennis.com\/wp-content\/uploads\/2017\/04\/milos-300x200.jpg",300,200,true],"full":["https:\/\/love4tennis.com\/wp-content\/uploads\/2017\/04\/milos.jpg",600,400,false]},"yoast_head":"<!-- This site is optimized with the Yoast SEO plugin v23.1 - https:\/\/yoast.com\/wordpress\/plugins\/seo\/ -->\n<title>Milo\u0161 Me\u010d\u00ed\u0159 ml.: \u201eProbl\u00e9m s dne\u0161n\u00fdmi de\u0165mi je v n\u00e1s dospel\u00fdch\u201c | Love4Tennis.com<\/title>\n<meta name=\"robots\" content=\"index, follow, max-snippet:-1, max-image-preview:large, max-video-preview:-1\" \/>\n<link rel=\"canonical\" href=\"https:\/\/love4tennis.com\/sk\/milos-mecir-ml-problem-s-dnesnymi-detmi-je-v-nas-dospelych\/\" \/>\n<meta property=\"og:locale\" content=\"sk_SK\" \/>\n<meta property=\"og:type\" content=\"article\" \/>\n<meta property=\"og:title\" content=\"Milo\u0161 Me\u010d\u00ed\u0159 ml.: \u201eProbl\u00e9m s dne\u0161n\u00fdmi de\u0165mi je v n\u00e1s dospel\u00fdch\u201c\" \/>\n<meta property=\"og:description\" content=\"[vc_row][vc_column][vc_column_text] 07.04.2017, 19:19 &#8211; BRATISLAVA \u2013 Snom Milo\u0161a Me\u010d\u00ed\u0159a ml. je vychova\u0165 svetov\u00e9ho hr\u00e1\u010da. Syn olympijsk\u00e9ho v\u00ed\u0165aza tr\u00e9nuje v akad\u00e9mii Love 4 Tennis a \u010di sa t\u00fa\u017eba premen\u00ed v skuto\u010dnos\u0165, [&hellip;]\" \/>\n<meta property=\"og:url\" content=\"https:\/\/love4tennis.com\/sk\/milos-mecir-ml-problem-s-dnesnymi-detmi-je-v-nas-dospelych\/\" \/>\n<meta property=\"og:site_name\" content=\"L4T\" \/>\n<meta property=\"article:publisher\" content=\"https:\/\/www.facebook.com\/TKLOVE4TENNIS\/\" \/>\n<meta property=\"article:published_time\" content=\"2017-04-07T18:04:43+00:00\" \/>\n<meta property=\"article:modified_time\" content=\"2017-04-07T18:20:27+00:00\" \/>\n<meta property=\"og:image\" content=\"https:\/\/love4tennis.com\/wp-content\/uploads\/2017\/04\/milos.jpg\" \/>\n\t<meta property=\"og:image:width\" content=\"600\" \/>\n\t<meta property=\"og:image:height\" content=\"400\" \/>\n\t<meta property=\"og:image:type\" content=\"image\/jpeg\" \/>\n<meta name=\"author\" content=\"Love4Tennis\" \/>\n<meta name=\"twitter:card\" content=\"summary_large_image\" \/>\n<meta name=\"twitter:label1\" content=\"Autor\" \/>\n\t<meta name=\"twitter:data1\" content=\"Love4Tennis\" \/>\n\t<meta name=\"twitter:label2\" content=\"Predpokladan\u00fd \u010das \u010d\u00edtania\" \/>\n\t<meta name=\"twitter:data2\" content=\"4 min\u00faty\" \/>\n<script type=\"application\/ld+json\" class=\"yoast-schema-graph\">{\"@context\":\"https:\/\/schema.org\",\"@graph\":[{\"@type\":\"Article\",\"@id\":\"https:\/\/love4tennis.com\/sk\/milos-mecir-ml-problem-s-dnesnymi-detmi-je-v-nas-dospelych\/#article\",\"isPartOf\":{\"@id\":\"https:\/\/love4tennis.com\/sk\/milos-mecir-ml-problem-s-dnesnymi-detmi-je-v-nas-dospelych\/\"},\"author\":{\"name\":\"Love4Tennis\",\"@id\":\"https:\/\/love4tennis.com\/#\/schema\/person\/942d259a024af9811939a2d7ddd56046\"},\"headline\":\"Milo\u0161 Me\u010d\u00ed\u0159 ml.: \u201eProbl\u00e9m s dne\u0161n\u00fdmi de\u0165mi je v n\u00e1s dospel\u00fdch\u201c\",\"datePublished\":\"2017-04-07T18:04:43+00:00\",\"dateModified\":\"2017-04-07T18:20:27+00:00\",\"mainEntityOfPage\":{\"@id\":\"https:\/\/love4tennis.com\/sk\/milos-mecir-ml-problem-s-dnesnymi-detmi-je-v-nas-dospelych\/\"},\"wordCount\":884,\"commentCount\":0,\"publisher\":{\"@id\":\"https:\/\/love4tennis.com\/#organization\"},\"image\":{\"@id\":\"https:\/\/love4tennis.com\/sk\/milos-mecir-ml-problem-s-dnesnymi-detmi-je-v-nas-dospelych\/#primaryimage\"},\"thumbnailUrl\":\"https:\/\/love4tennis.com\/wp-content\/uploads\/2017\/04\/milos.jpg\",\"articleSection\":[\"V\u00fdsledky\"],\"inLanguage\":\"sk-SK\",\"potentialAction\":[{\"@type\":\"CommentAction\",\"name\":\"Comment\",\"target\":[\"https:\/\/love4tennis.com\/sk\/milos-mecir-ml-problem-s-dnesnymi-detmi-je-v-nas-dospelych\/#respond\"]}]},{\"@type\":\"WebPage\",\"@id\":\"https:\/\/love4tennis.com\/sk\/milos-mecir-ml-problem-s-dnesnymi-detmi-je-v-nas-dospelych\/\",\"url\":\"https:\/\/love4tennis.com\/sk\/milos-mecir-ml-problem-s-dnesnymi-detmi-je-v-nas-dospelych\/\",\"name\":\"Milo\u0161 Me\u010d\u00ed\u0159 ml.: \u201eProbl\u00e9m s dne\u0161n\u00fdmi de\u0165mi je v n\u00e1s dospel\u00fdch\u201c | Love4Tennis.com\",\"isPartOf\":{\"@id\":\"https:\/\/love4tennis.com\/#website\"},\"primaryImageOfPage\":{\"@id\":\"https:\/\/love4tennis.com\/sk\/milos-mecir-ml-problem-s-dnesnymi-detmi-je-v-nas-dospelych\/#primaryimage\"},\"image\":{\"@id\":\"https:\/\/love4tennis.com\/sk\/milos-mecir-ml-problem-s-dnesnymi-detmi-je-v-nas-dospelych\/#primaryimage\"},\"thumbnailUrl\":\"https:\/\/love4tennis.com\/wp-content\/uploads\/2017\/04\/milos.jpg\",\"datePublished\":\"2017-04-07T18:04:43+00:00\",\"dateModified\":\"2017-04-07T18:20:27+00:00\",\"breadcrumb\":{\"@id\":\"https:\/\/love4tennis.com\/sk\/milos-mecir-ml-problem-s-dnesnymi-detmi-je-v-nas-dospelych\/#breadcrumb\"},\"inLanguage\":\"sk-SK\",\"potentialAction\":[{\"@type\":\"ReadAction\",\"target\":[\"https:\/\/love4tennis.com\/sk\/milos-mecir-ml-problem-s-dnesnymi-detmi-je-v-nas-dospelych\/\"]}]},{\"@type\":\"ImageObject\",\"inLanguage\":\"sk-SK\",\"@id\":\"https:\/\/love4tennis.com\/sk\/milos-mecir-ml-problem-s-dnesnymi-detmi-je-v-nas-dospelych\/#primaryimage\",\"url\":\"https:\/\/love4tennis.com\/wp-content\/uploads\/2017\/04\/milos.jpg\",\"contentUrl\":\"https:\/\/love4tennis.com\/wp-content\/uploads\/2017\/04\/milos.jpg\",\"width\":600,\"height\":400},{\"@type\":\"BreadcrumbList\",\"@id\":\"https:\/\/love4tennis.com\/sk\/milos-mecir-ml-problem-s-dnesnymi-detmi-je-v-nas-dospelych\/#breadcrumb\",\"itemListElement\":[{\"@type\":\"ListItem\",\"position\":1,\"name\":\"Dom\u00e1ca str\u00e1nka\",\"item\":\"https:\/\/love4tennis.com\/sk\/\"},{\"@type\":\"ListItem\",\"position\":2,\"name\":\"Milo\u0161 Me\u010d\u00ed\u0159 ml.: \u201eProbl\u00e9m s dne\u0161n\u00fdmi de\u0165mi je v n\u00e1s dospel\u00fdch\u201c\"}]},{\"@type\":\"WebSite\",\"@id\":\"https:\/\/love4tennis.com\/#website\",\"url\":\"https:\/\/love4tennis.com\/\",\"name\":\"L4T\",\"description\":\"\",\"publisher\":{\"@id\":\"https:\/\/love4tennis.com\/#organization\"},\"potentialAction\":[{\"@type\":\"SearchAction\",\"target\":{\"@type\":\"EntryPoint\",\"urlTemplate\":\"https:\/\/love4tennis.com\/?s={search_term_string}\"},\"query-input\":\"required name=search_term_string\"}],\"inLanguage\":\"sk-SK\"},{\"@type\":\"Organization\",\"@id\":\"https:\/\/love4tennis.com\/#organization\",\"name\":\"Love4Tennis Academy\",\"url\":\"https:\/\/love4tennis.com\/\",\"logo\":{\"@type\":\"ImageObject\",\"inLanguage\":\"sk-SK\",\"@id\":\"https:\/\/love4tennis.com\/#\/schema\/logo\/image\/\",\"url\":\"https:\/\/love4tennis.com\/wp-content\/uploads\/2018\/10\/logo_love4tennis.jpg\",\"contentUrl\":\"https:\/\/love4tennis.com\/wp-content\/uploads\/2018\/10\/logo_love4tennis.jpg\",\"width\":608,\"height\":315,\"caption\":\"Love4Tennis Academy\"},\"image\":{\"@id\":\"https:\/\/love4tennis.com\/#\/schema\/logo\/image\/\"},\"sameAs\":[\"https:\/\/www.facebook.com\/TKLOVE4TENNIS\/\"]},{\"@type\":\"Person\",\"@id\":\"https:\/\/love4tennis.com\/#\/schema\/person\/942d259a024af9811939a2d7ddd56046\",\"name\":\"Love4Tennis\",\"url\":\"https:\/\/love4tennis.com\/sk\/author\/skuska\/\"}]}<\/script>\n<!-- \/ Yoast SEO plugin. -->","yoast_head_json":{"title":"Milo\u0161 Me\u010d\u00ed\u0159 ml.: \u201eProbl\u00e9m s dne\u0161n\u00fdmi de\u0165mi je v n\u00e1s dospel\u00fdch\u201c | Love4Tennis.com","robots":{"index":"index","follow":"follow","max-snippet":"max-snippet:-1","max-image-preview":"max-image-preview:large","max-video-preview":"max-video-preview:-1"},"canonical":"https:\/\/love4tennis.com\/sk\/milos-mecir-ml-problem-s-dnesnymi-detmi-je-v-nas-dospelych\/","og_locale":"sk_SK","og_type":"article","og_title":"Milo\u0161 Me\u010d\u00ed\u0159 ml.: \u201eProbl\u00e9m s dne\u0161n\u00fdmi de\u0165mi je v n\u00e1s dospel\u00fdch\u201c","og_description":"[vc_row][vc_column][vc_column_text] 07.04.2017, 19:19 &#8211; BRATISLAVA \u2013 Snom Milo\u0161a Me\u010d\u00ed\u0159a ml. je vychova\u0165 svetov\u00e9ho hr\u00e1\u010da. Syn olympijsk\u00e9ho v\u00ed\u0165aza tr\u00e9nuje v akad\u00e9mii Love 4 Tennis a \u010di sa t\u00fa\u017eba premen\u00ed v skuto\u010dnos\u0165, [&hellip;]","og_url":"https:\/\/love4tennis.com\/sk\/milos-mecir-ml-problem-s-dnesnymi-detmi-je-v-nas-dospelych\/","og_site_name":"L4T","article_publisher":"https:\/\/www.facebook.com\/TKLOVE4TENNIS\/","article_published_time":"2017-04-07T18:04:43+00:00","article_modified_time":"2017-04-07T18:20:27+00:00","og_image":[{"width":600,"height":400,"url":"https:\/\/love4tennis.com\/wp-content\/uploads\/2017\/04\/milos.jpg","type":"image\/jpeg"}],"author":"Love4Tennis","twitter_card":"summary_large_image","twitter_misc":{"Autor":"Love4Tennis","Predpokladan\u00fd \u010das \u010d\u00edtania":"4 min\u00faty"},"schema":{"@context":"https:\/\/schema.org","@graph":[{"@type":"Article","@id":"https:\/\/love4tennis.com\/sk\/milos-mecir-ml-problem-s-dnesnymi-detmi-je-v-nas-dospelych\/#article","isPartOf":{"@id":"https:\/\/love4tennis.com\/sk\/milos-mecir-ml-problem-s-dnesnymi-detmi-je-v-nas-dospelych\/"},"author":{"name":"Love4Tennis","@id":"https:\/\/love4tennis.com\/#\/schema\/person\/942d259a024af9811939a2d7ddd56046"},"headline":"Milo\u0161 Me\u010d\u00ed\u0159 ml.: \u201eProbl\u00e9m s dne\u0161n\u00fdmi de\u0165mi je v n\u00e1s dospel\u00fdch\u201c","datePublished":"2017-04-07T18:04:43+00:00","dateModified":"2017-04-07T18:20:27+00:00","mainEntityOfPage":{"@id":"https:\/\/love4tennis.com\/sk\/milos-mecir-ml-problem-s-dnesnymi-detmi-je-v-nas-dospelych\/"},"wordCount":884,"commentCount":0,"publisher":{"@id":"https:\/\/love4tennis.com\/#organization"},"image":{"@id":"https:\/\/love4tennis.com\/sk\/milos-mecir-ml-problem-s-dnesnymi-detmi-je-v-nas-dospelych\/#primaryimage"},"thumbnailUrl":"https:\/\/love4tennis.com\/wp-content\/uploads\/2017\/04\/milos.jpg","articleSection":["V\u00fdsledky"],"inLanguage":"sk-SK","potentialAction":[{"@type":"CommentAction","name":"Comment","target":["https:\/\/love4tennis.com\/sk\/milos-mecir-ml-problem-s-dnesnymi-detmi-je-v-nas-dospelych\/#respond"]}]},{"@type":"WebPage","@id":"https:\/\/love4tennis.com\/sk\/milos-mecir-ml-problem-s-dnesnymi-detmi-je-v-nas-dospelych\/","url":"https:\/\/love4tennis.com\/sk\/milos-mecir-ml-problem-s-dnesnymi-detmi-je-v-nas-dospelych\/","name":"Milo\u0161 Me\u010d\u00ed\u0159 ml.: \u201eProbl\u00e9m s dne\u0161n\u00fdmi de\u0165mi je v n\u00e1s dospel\u00fdch\u201c | Love4Tennis.com","isPartOf":{"@id":"https:\/\/love4tennis.com\/#website"},"primaryImageOfPage":{"@id":"https:\/\/love4tennis.com\/sk\/milos-mecir-ml-problem-s-dnesnymi-detmi-je-v-nas-dospelych\/#primaryimage"},"image":{"@id":"https:\/\/love4tennis.com\/sk\/milos-mecir-ml-problem-s-dnesnymi-detmi-je-v-nas-dospelych\/#primaryimage"},"thumbnailUrl":"https:\/\/love4tennis.com\/wp-content\/uploads\/2017\/04\/milos.jpg","datePublished":"2017-04-07T18:04:43+00:00","dateModified":"2017-04-07T18:20:27+00:00","breadcrumb":{"@id":"https:\/\/love4tennis.com\/sk\/milos-mecir-ml-problem-s-dnesnymi-detmi-je-v-nas-dospelych\/#breadcrumb"},"inLanguage":"sk-SK","potentialAction":[{"@type":"ReadAction","target":["https:\/\/love4tennis.com\/sk\/milos-mecir-ml-problem-s-dnesnymi-detmi-je-v-nas-dospelych\/"]}]},{"@type":"ImageObject","inLanguage":"sk-SK","@id":"https:\/\/love4tennis.com\/sk\/milos-mecir-ml-problem-s-dnesnymi-detmi-je-v-nas-dospelych\/#primaryimage","url":"https:\/\/love4tennis.com\/wp-content\/uploads\/2017\/04\/milos.jpg","contentUrl":"https:\/\/love4tennis.com\/wp-content\/uploads\/2017\/04\/milos.jpg","width":600,"height":400},{"@type":"BreadcrumbList","@id":"https:\/\/love4tennis.com\/sk\/milos-mecir-ml-problem-s-dnesnymi-detmi-je-v-nas-dospelych\/#breadcrumb","itemListElement":[{"@type":"ListItem","position":1,"name":"Dom\u00e1ca str\u00e1nka","item":"https:\/\/love4tennis.com\/sk\/"},{"@type":"ListItem","position":2,"name":"Milo\u0161 Me\u010d\u00ed\u0159 ml.: \u201eProbl\u00e9m s dne\u0161n\u00fdmi de\u0165mi je v n\u00e1s dospel\u00fdch\u201c"}]},{"@type":"WebSite","@id":"https:\/\/love4tennis.com\/#website","url":"https:\/\/love4tennis.com\/","name":"L4T","description":"","publisher":{"@id":"https:\/\/love4tennis.com\/#organization"},"potentialAction":[{"@type":"SearchAction","target":{"@type":"EntryPoint","urlTemplate":"https:\/\/love4tennis.com\/?s={search_term_string}"},"query-input":"required name=search_term_string"}],"inLanguage":"sk-SK"},{"@type":"Organization","@id":"https:\/\/love4tennis.com\/#organization","name":"Love4Tennis Academy","url":"https:\/\/love4tennis.com\/","logo":{"@type":"ImageObject","inLanguage":"sk-SK","@id":"https:\/\/love4tennis.com\/#\/schema\/logo\/image\/","url":"https:\/\/love4tennis.com\/wp-content\/uploads\/2018\/10\/logo_love4tennis.jpg","contentUrl":"https:\/\/love4tennis.com\/wp-content\/uploads\/2018\/10\/logo_love4tennis.jpg","width":608,"height":315,"caption":"Love4Tennis Academy"},"image":{"@id":"https:\/\/love4tennis.com\/#\/schema\/logo\/image\/"},"sameAs":["https:\/\/www.facebook.com\/TKLOVE4TENNIS\/"]},{"@type":"Person","@id":"https:\/\/love4tennis.com\/#\/schema\/person\/942d259a024af9811939a2d7ddd56046","name":"Love4Tennis","url":"https:\/\/love4tennis.com\/sk\/author\/skuska\/"}]}},"_links":{"self":[{"href":"https:\/\/love4tennis.com\/sk\/wp-json\/wp\/v2\/posts\/9671"}],"collection":[{"href":"https:\/\/love4tennis.com\/sk\/wp-json\/wp\/v2\/posts"}],"about":[{"href":"https:\/\/love4tennis.com\/sk\/wp-json\/wp\/v2\/types\/post"}],"author":[{"embeddable":true,"href":"https:\/\/love4tennis.com\/sk\/wp-json\/wp\/v2\/users\/1"}],"replies":[{"embeddable":true,"href":"https:\/\/love4tennis.com\/sk\/wp-json\/wp\/v2\/comments?post=9671"}],"version-history":[{"count":3,"href":"https:\/\/love4tennis.com\/sk\/wp-json\/wp\/v2\/posts\/9671\/revisions"}],"predecessor-version":[{"id":9675,"href":"https:\/\/love4tennis.com\/sk\/wp-json\/wp\/v2\/posts\/9671\/revisions\/9675"}],"wp:featuredmedia":[{"embeddable":true,"href":"https:\/\/love4tennis.com\/sk\/wp-json\/wp\/v2\/media\/9676"}],"wp:attachment":[{"href":"https:\/\/love4tennis.com\/sk\/wp-json\/wp\/v2\/media?parent=9671"}],"wp:term":[{"taxonomy":"category","embeddable":true,"href":"https:\/\/love4tennis.com\/sk\/wp-json\/wp\/v2\/categories?post=9671"},{"taxonomy":"post_tag","embeddable":true,"href":"https:\/\/love4tennis.com\/sk\/wp-json\/wp\/v2\/tags?post=9671"}],"curies":[{"name":"wp","href":"https:\/\/api.w.org\/{rel}","templated":true}]}}